{"id":280,"date":"2023-07-02T22:41:29","date_gmt":"2023-07-02T20:41:29","guid":{"rendered":"http:\/\/feldbahn-riedlhuette.de\/fwr\/?p=280"},"modified":"2023-10-23T10:45:14","modified_gmt":"2023-10-23T08:45:14","slug":"juli-2023","status":"publish","type":"post","link":"http:\/\/feldbahn-riedlhuette.de\/fwr\/2023\/07\/02\/juli-2023\/","title":{"rendered":"Juli 2023"},"content":{"rendered":"\n<p>Unsere Tage der offenen T\u00fcr am 01. und 02. Juli 2023 haben wir vor allem f\u00fcr die Restauration unserer beiden Berchtesgadener Sitzloren genutzt, die vor allem beim Glosafest eingesetzt werden. Das alte Leder war mehrfach geflickt und l\u00f6ste sich vom Untergrund, weshalb wir einen Polsterer beauftragten, die Sitzfl\u00e4chen fachgerecht zu restaurieren.<\/p>\n\n\n<style>.wp-block-kadence-advancedgallery .kb-gallery-type-grid.kb-gallery-id-280_bd511c-7b{margin:-5px;}.kb-gallery-type-grid.kb-gallery-id-280_bd511c-7b .kadence-blocks-gallery-item{padding:5px;}.kb-gallery-id-280_bd511c-7b .kadence-blocks-gallery-item .kb-gal-image-radius, .kb-gallery-id-280_bd511c-7b .kb-slide-item .kb-gal-image-radius img{border-radius:0px 0px 0px 0px;;}.kb-gallery-caption-style-bottom.kb-gallery-id-280_bd511c-7b .kadence-blocks-gallery-item .kadence-blocks-gallery-item-inner .kadence-blocks-gallery-item__caption, .kb-gallery-caption-style-bottom-hover.kb-gallery-id-280_bd511c-7b .kadence-blocks-gallery-item .kadence-blocks-gallery-item-inner .kadence-blocks-gallery-item__caption{background:linear-gradient(0deg, rgba(0, 0, 0, 0.5) 0, rgba(0, 0, 0, 0) 100%);}<\/style><div class=\"kb-gallery-wrap-id-280_bd511c-7b alignnone wp-block-kadence-advancedgallery\"><ul class=\"kb-gallery-ul kb-gallery-non-static kb-gallery-type-grid kb-gallery-id-280_bd511c-7b kb-gallery-caption-style-bottom-hover kb-gallery-filter-none kb-gallery-magnific-init\" data-image-filter=\"none\" data-item-selector=\".kadence-blocks-gallery-item\" data-lightbox-caption=\"true\" data-columns-xxl=\"2\" data-columns-xl=\"2\" data-columns-md=\"2\" data-columns-sm=\"2\" data-columns-xs=\"1\" data-columns-ss=\"1\"><li class=\"kadence-blocks-gallery-item\"><div class=\"kadence-blocks-gallery-item-inner\"><figure class=\"kb-gallery-figure kb-gallery-item-has-link kadence-blocks-gallery-item-has-caption\"><a href=\"http:\/\/feldbahn-riedlhuette.de\/fwr\/wp-content\/uploads\/2023\/07\/1-entfernen-des-alten-leders.jpg\" data-description=\"Den alten Bezug haben unsere Mitglieder entfernt\" class=\"kb-gallery-item-link\"   role=\"button\" aria-haspopup=\"dialog\"><div class=\"kb-gal-image-radius\"><div class=\"kb-gallery-image-contain kadence-blocks-gallery-intrinsic kb-gallery-image-ratio-land32 kb-has-image-ratio-land32\" ><img loading=\"lazy\" decoding=\"async\" src=\"http:\/\/feldbahn-riedlhuette.de\/fwr\/wp-content\/uploads\/2023\/07\/1-entfernen-des-alten-leders.jpg\" width=\"735\" height=\"551\" alt=\"\" data-full-image=\"http:\/\/feldbahn-riedlhuette.de\/fwr\/wp-content\/uploads\/2023\/07\/1-entfernen-des-alten-leders.jpg\" data-light-image=\"http:\/\/feldbahn-riedlhuette.de\/fwr\/wp-content\/uploads\/2023\/07\/1-entfernen-des-alten-leders.jpg\" data-id=\"286\" class=\"wp-image-286\" srcset=\"http:\/\/feldbahn-riedlhuette.de\/fwr\/wp-content\/uploads\/2023\/07\/1-entfernen-des-alten-leders.jpg 735w, http:\/\/feldbahn-riedlhuette.de\/fwr\/wp-content\/uploads\/2023\/07\/1-entfernen-des-alten-leders-300x225.jpg 300w\" sizes=\"auto, (max-width: 735px) 100vw, 735px\" \/><\/div><div class=\"kadence-blocks-gallery-item__caption\">Den alten Bezug haben unsere Mitglieder entfernt<\/div><\/div><\/a><\/figure><\/div><\/li><li class=\"kadence-blocks-gallery-item\"><div class=\"kadence-blocks-gallery-item-inner\"><figure class=\"kb-gallery-figure kb-gallery-item-has-link kadence-blocks-gallery-item-has-caption\"><a href=\"http:\/\/feldbahn-riedlhuette.de\/fwr\/wp-content\/uploads\/2023\/07\/2-polsterer-bei-der-arbeit.jpg\" data-description=\"Die Polsterer bei der Arbeit\" class=\"kb-gallery-item-link\"   role=\"button\" aria-haspopup=\"dialog\"><div class=\"kb-gal-image-radius\"><div class=\"kb-gallery-image-contain kadence-blocks-gallery-intrinsic kb-gallery-image-ratio-land32 kb-has-image-ratio-land32\" ><img loading=\"lazy\" decoding=\"async\" src=\"http:\/\/feldbahn-riedlhuette.de\/fwr\/wp-content\/uploads\/2023\/07\/2-polsterer-bei-der-arbeit.jpg\" width=\"768\" height=\"576\" alt=\"\" data-full-image=\"http:\/\/feldbahn-riedlhuette.de\/fwr\/wp-content\/uploads\/2023\/07\/2-polsterer-bei-der-arbeit.jpg\" data-light-image=\"http:\/\/feldbahn-riedlhuette.de\/fwr\/wp-content\/uploads\/2023\/07\/2-polsterer-bei-der-arbeit.jpg\" data-id=\"283\" class=\"wp-image-283\" srcset=\"http:\/\/feldbahn-riedlhuette.de\/fwr\/wp-content\/uploads\/2023\/07\/2-polsterer-bei-der-arbeit.jpg 768w, http:\/\/feldbahn-riedlhuette.de\/fwr\/wp-content\/uploads\/2023\/07\/2-polsterer-bei-der-arbeit-300x225.jpg 300w\" sizes=\"auto, (max-width: 768px) 100vw, 768px\" \/><\/div><div class=\"kadence-blocks-gallery-item__caption\">Die Polsterer bei der Arbeit<\/div><\/div><\/a><\/figure><\/div><\/li><li class=\"kadence-blocks-gallery-item\"><div class=\"kadence-blocks-gallery-item-inner\"><figure class=\"kb-gallery-figure kb-gallery-item-has-link kadence-blocks-gallery-item-has-caption\"><a href=\"http:\/\/feldbahn-riedlhuette.de\/fwr\/wp-content\/uploads\/2023\/07\/3-ergebnis.jpg\" data-description=\"Das fertige Ergebnis - wie neu!\" class=\"kb-gallery-item-link\"   role=\"button\" aria-haspopup=\"dialog\"><div class=\"kb-gal-image-radius\"><div class=\"kb-gallery-image-contain kadence-blocks-gallery-intrinsic kb-gallery-image-ratio-land32 kb-has-image-ratio-land32\" ><img loading=\"lazy\" decoding=\"async\" src=\"http:\/\/feldbahn-riedlhuette.de\/fwr\/wp-content\/uploads\/2023\/07\/3-ergebnis.jpg\" width=\"768\" height=\"576\" alt=\"\" data-full-image=\"http:\/\/feldbahn-riedlhuette.de\/fwr\/wp-content\/uploads\/2023\/07\/3-ergebnis.jpg\" data-light-image=\"http:\/\/feldbahn-riedlhuette.de\/fwr\/wp-content\/uploads\/2023\/07\/3-ergebnis.jpg\" data-id=\"284\" class=\"wp-image-284\" srcset=\"http:\/\/feldbahn-riedlhuette.de\/fwr\/wp-content\/uploads\/2023\/07\/3-ergebnis.jpg 768w, http:\/\/feldbahn-riedlhuette.de\/fwr\/wp-content\/uploads\/2023\/07\/3-ergebnis-300x225.jpg 300w\" sizes=\"auto, (max-width: 768px) 100vw, 768px\" \/><\/div><div class=\"kadence-blocks-gallery-item__caption\">Das fertige Ergebnis &#8211; wie neu!<\/div><\/div><\/a><\/figure><\/div><\/li><li class=\"kadence-blocks-gallery-item\"><div class=\"kadence-blocks-gallery-item-inner\"><figure class=\"kb-gallery-figure kb-gallery-item-has-link kadence-blocks-gallery-item-has-caption\"><a href=\"http:\/\/feldbahn-riedlhuette.de\/fwr\/wp-content\/uploads\/2023\/07\/4-ergebnis.jpg\" data-description=\"... und die Sitzw\u00e4gen sind bereit f\u00fcr die n\u00e4chsten Glosafeste!\" class=\"kb-gallery-item-link\"   role=\"button\" aria-haspopup=\"dialog\"><div class=\"kb-gal-image-radius\"><div class=\"kb-gallery-image-contain kadence-blocks-gallery-intrinsic kb-gallery-image-ratio-land32 kb-has-image-ratio-land32\" ><img loading=\"lazy\" decoding=\"async\" src=\"http:\/\/feldbahn-riedlhuette.de\/fwr\/wp-content\/uploads\/2023\/07\/4-ergebnis.jpg\" width=\"699\" height=\"524\" alt=\"\" data-full-image=\"http:\/\/feldbahn-riedlhuette.de\/fwr\/wp-content\/uploads\/2023\/07\/4-ergebnis.jpg\" data-light-image=\"http:\/\/feldbahn-riedlhuette.de\/fwr\/wp-content\/uploads\/2023\/07\/4-ergebnis.jpg\" data-id=\"285\" class=\"wp-image-285\" srcset=\"http:\/\/feldbahn-riedlhuette.de\/fwr\/wp-content\/uploads\/2023\/07\/4-ergebnis.jpg 699w, http:\/\/feldbahn-riedlhuette.de\/fwr\/wp-content\/uploads\/2023\/07\/4-ergebnis-300x225.jpg 300w\" sizes=\"auto, (max-width: 699px) 100vw, 699px\" \/><\/div><div class=\"kadence-blocks-gallery-item__caption\">&#8230; und die Sitzw\u00e4gen sind bereit f\u00fcr die n\u00e4chsten Glosafeste!<\/div><\/div><\/a><\/figure><\/div><\/li><\/ul><\/div>\n\n\n<p><\/p>\n\n\n\n<p>Au\u00dferdem haben wir am Samstag weiter die Kehrschleife umgebaut. Auf der Westseite des Lokschuppens sind zus\u00e4tzliche Gleisanlagen geplant, wof\u00fcr zwei unbenutzte 5m-Weichen aus der Kehrschleife ausgebaut wurden.<\/p>\n\n\n\n<p>Beim Bau der Kehrschleife hatten wir sie eingebaut, um sp\u00e4ter zus\u00e4tzliche Abstellgleise errichten zu k\u00f6nnen, was aber nie realisiert wurde. Auch wegen geringerer Entgleisungsgefahr haben normale Schienen nat\u00fcrlich Vorteile. Diesen Samstag haben wir nun begonnen, die bereitgelegten Gleisrahmen einzusetzen. Die vorher eingebauten Weichen waren allerdings nicht genau 5 Meter lang, also m\u00fcssen die Gleise noch passend gemacht werden. Wir werden vor dem Glosafest noch an der Kehrschleife arbeiten, damit unsere Strecke bis dahin wieder voll befahrbar ist.<\/p>\n\n\n<style>.wp-block-kadence-advancedgallery .kb-gallery-type-masonry.kb-gallery-id-280_17bf62-e1{margin:-5px;}.kb-gallery-type-masonry.kb-gallery-id-280_17bf62-e1 .kadence-blocks-gallery-item{padding:5px;}.kb-gallery-id-280_17bf62-e1 .kadence-blocks-gallery-item .kb-gal-image-radius, .kb-gallery-id-280_17bf62-e1 .kb-slide-item .kb-gal-image-radius img{border-radius:0px 0px 0px 0px;;}.kb-gallery-caption-style-bottom.kb-gallery-id-280_17bf62-e1 .kadence-blocks-gallery-item .kadence-blocks-gallery-item-inner .kadence-blocks-gallery-item__caption, .kb-gallery-caption-style-bottom-hover.kb-gallery-id-280_17bf62-e1 .kadence-blocks-gallery-item .kadence-blocks-gallery-item-inner .kadence-blocks-gallery-item__caption{background:linear-gradient(0deg, rgba(0, 0, 0, 0.8) 0, rgba(0, 0, 0, 0) 100%);}<\/style><div class=\"kb-gallery-wrap-id-280_17bf62-e1 alignnone wp-block-kadence-advancedgallery\"><ul class=\"kb-gallery-ul kb-gallery-non-static kb-gallery-type-masonry kb-masonry-init kb-gallery-id-280_17bf62-e1 kb-gallery-caption-style-bottom-hover kb-gallery-filter-none kb-gallery-magnific-init\" data-image-filter=\"none\" data-item-selector=\".kadence-blocks-gallery-item\" data-lightbox-caption=\"true\" data-columns-xxl=\"2\" data-columns-xl=\"2\" data-columns-md=\"2\" data-columns-sm=\"2\" data-columns-xs=\"1\" data-columns-ss=\"1\"><li class=\"kadence-blocks-gallery-item\"><div class=\"kadence-blocks-gallery-item-inner\"><figure class=\"kb-gallery-figure kb-gallery-item-has-link kadence-blocks-gallery-item-has-caption\"><a href=\"http:\/\/feldbahn-riedlhuette.de\/fwr\/wp-content\/uploads\/2023\/07\/5-weichenausbau-scaled.jpg\" data-description=\"Die Weichen wurden bereits im Juni ausgebaut\" class=\"kb-gallery-item-link\"   role=\"button\" aria-haspopup=\"dialog\"><div class=\"kb-gal-image-radius\" style=\"max-width:1024px;\"><div class=\"kb-gallery-image-contain kadence-blocks-gallery-intrinsic\" style=\"padding-bottom:66%;\"><img loading=\"lazy\" decoding=\"async\" src=\"http:\/\/feldbahn-riedlhuette.de\/fwr\/wp-content\/uploads\/2023\/07\/5-weichenausbau-1024x682.jpg\" width=\"1024\" height=\"682\" alt=\"\" data-full-image=\"http:\/\/feldbahn-riedlhuette.de\/fwr\/wp-content\/uploads\/2023\/07\/5-weichenausbau-scaled.jpg\" data-light-image=\"http:\/\/feldbahn-riedlhuette.de\/fwr\/wp-content\/uploads\/2023\/07\/5-weichenausbau-scaled.jpg\" data-id=\"304\" class=\"wp-image-304\" srcset=\"http:\/\/feldbahn-riedlhuette.de\/fwr\/wp-content\/uploads\/2023\/07\/5-weichenausbau-1024x682.jpg 1024w, http:\/\/feldbahn-riedlhuette.de\/fwr\/wp-content\/uploads\/2023\/07\/5-weichenausbau-300x200.jpg 300w, http:\/\/feldbahn-riedlhuette.de\/fwr\/wp-content\/uploads\/2023\/07\/5-weichenausbau-768x512.jpg 768w, http:\/\/feldbahn-riedlhuette.de\/fwr\/wp-content\/uploads\/2023\/07\/5-weichenausbau-1536x1024.jpg 1536w, http:\/\/feldbahn-riedlhuette.de\/fwr\/wp-content\/uploads\/2023\/07\/5-weichenausbau-2048x1365.jpg 2048w\" sizes=\"auto, (max-width: 1024px) 100vw, 1024px\" \/><\/div><div class=\"kadence-blocks-gallery-item__caption\">Die Weichen wurden bereits im Juni ausgebaut<\/div><\/div><\/a><\/figure><\/div><\/li><li class=\"kadence-blocks-gallery-item\"><div class=\"kadence-blocks-gallery-item-inner\"><figure class=\"kb-gallery-figure kb-gallery-item-has-link kadence-blocks-gallery-item-has-caption\"><a href=\"http:\/\/feldbahn-riedlhuette.de\/fwr\/wp-content\/uploads\/2023\/07\/6-baustelle-kehrschleife.jpg\" data-description=\"Die bereitgelegten Schienenst\u00fccke...\" class=\"kb-gallery-item-link\"   role=\"button\" aria-haspopup=\"dialog\"><div class=\"kb-gal-image-radius\" style=\"max-width:1024px;\"><div class=\"kb-gallery-image-contain kadence-blocks-gallery-intrinsic\" style=\"padding-bottom:66%;\"><img loading=\"lazy\" decoding=\"async\" src=\"http:\/\/feldbahn-riedlhuette.de\/fwr\/wp-content\/uploads\/2023\/07\/6-baustelle-kehrschleife-1024x680.jpg\" width=\"1024\" height=\"680\" alt=\"\" data-full-image=\"http:\/\/feldbahn-riedlhuette.de\/fwr\/wp-content\/uploads\/2023\/07\/6-baustelle-kehrschleife.jpg\" data-light-image=\"http:\/\/feldbahn-riedlhuette.de\/fwr\/wp-content\/uploads\/2023\/07\/6-baustelle-kehrschleife.jpg\" data-id=\"299\" class=\"wp-image-299\" srcset=\"http:\/\/feldbahn-riedlhuette.de\/fwr\/wp-content\/uploads\/2023\/07\/6-baustelle-kehrschleife-1024x680.jpg 1024w, http:\/\/feldbahn-riedlhuette.de\/fwr\/wp-content\/uploads\/2023\/07\/6-baustelle-kehrschleife-300x199.jpg 300w, http:\/\/feldbahn-riedlhuette.de\/fwr\/wp-content\/uploads\/2023\/07\/6-baustelle-kehrschleife-768x510.jpg 768w, http:\/\/feldbahn-riedlhuette.de\/fwr\/wp-content\/uploads\/2023\/07\/6-baustelle-kehrschleife-1536x1021.jpg 1536w, http:\/\/feldbahn-riedlhuette.de\/fwr\/wp-content\/uploads\/2023\/07\/6-baustelle-kehrschleife.jpg 2000w\" sizes=\"auto, (max-width: 1024px) 100vw, 1024px\" \/><\/div><div class=\"kadence-blocks-gallery-item__caption\">Die bereitgelegten Schienenst\u00fccke&#8230;<\/div><\/div><\/a><\/figure><\/div><\/li><li class=\"kadence-blocks-gallery-item\"><div class=\"kadence-blocks-gallery-item-inner\"><figure class=\"kb-gallery-figure kb-gallery-item-has-link kadence-blocks-gallery-item-has-caption\"><a href=\"http:\/\/feldbahn-riedlhuette.de\/fwr\/wp-content\/uploads\/2023\/07\/6-schienenstoss.jpg\" data-description=\"...die aber noch nicht perfekt passen\" class=\"kb-gallery-item-link\"   role=\"button\" aria-haspopup=\"dialog\"><div class=\"kb-gal-image-radius\" style=\"max-width:1024px;\"><div class=\"kb-gallery-image-contain kadence-blocks-gallery-intrinsic\" style=\"padding-bottom:66%;\"><img loading=\"lazy\" decoding=\"async\" src=\"http:\/\/feldbahn-riedlhuette.de\/fwr\/wp-content\/uploads\/2023\/07\/6-schienenstoss-1024x680.jpg\" width=\"1024\" height=\"680\" alt=\"\" data-full-image=\"http:\/\/feldbahn-riedlhuette.de\/fwr\/wp-content\/uploads\/2023\/07\/6-schienenstoss.jpg\" data-light-image=\"http:\/\/feldbahn-riedlhuette.de\/fwr\/wp-content\/uploads\/2023\/07\/6-schienenstoss.jpg\" data-id=\"300\" class=\"wp-image-300\" srcset=\"http:\/\/feldbahn-riedlhuette.de\/fwr\/wp-content\/uploads\/2023\/07\/6-schienenstoss-1024x680.jpg 1024w, http:\/\/feldbahn-riedlhuette.de\/fwr\/wp-content\/uploads\/2023\/07\/6-schienenstoss-300x199.jpg 300w, http:\/\/feldbahn-riedlhuette.de\/fwr\/wp-content\/uploads\/2023\/07\/6-schienenstoss-768x510.jpg 768w, http:\/\/feldbahn-riedlhuette.de\/fwr\/wp-content\/uploads\/2023\/07\/6-schienenstoss-1536x1021.jpg 1536w, http:\/\/feldbahn-riedlhuette.de\/fwr\/wp-content\/uploads\/2023\/07\/6-schienenstoss.jpg 2000w\" sizes=\"auto, (max-width: 1024px) 100vw, 1024px\" \/><\/div><div class=\"kadence-blocks-gallery-item__caption\">&#8230;die aber noch nicht perfekt passen<\/div><\/div><\/a><\/figure><\/div><\/li><\/ul><\/div>","protected":false},"excerpt":{"rendered":"<p>Unsere Tage der offenen T\u00fcr am 01. und 02. Juli 2023 haben wir vor allem f\u00fcr die Restauration unserer beiden Berchtesgadener Sitzloren genutzt.<\/p>\n","protected":false},"author":1,"featured_media":330,"comment_status":"open","ping_status":"open","sticky":false,"template":"","format":"standard","meta":{"cybocfi_hide_featured_image":"","footnotes":""},"categories":[6,4],"tags":[],"class_list":["post-280","post","type-post","status-publish","format-standard","has-post-thumbnail","hentry","category-6","category-tage-der-offenen-tuer"],"_links":{"self":[{"href":"http:\/\/feldbahn-riedlhuette.de\/fwr\/wp-json\/wp\/v2\/posts\/280","targetHints":{"allow":["GET"]}}],"collection":[{"href":"http:\/\/feldbahn-riedlhuette.de\/fwr\/wp-json\/wp\/v2\/posts"}],"about":[{"href":"http:\/\/feldbahn-riedlhuette.de\/fwr\/wp-json\/wp\/v2\/types\/post"}],"author":[{"embeddable":true,"href":"http:\/\/feldbahn-riedlhuette.de\/fwr\/wp-json\/wp\/v2\/users\/1"}],"replies":[{"embeddable":true,"href":"http:\/\/feldbahn-riedlhuette.de\/fwr\/wp-json\/wp\/v2\/comments?post=280"}],"version-history":[{"count":14,"href":"http:\/\/feldbahn-riedlhuette.de\/fwr\/wp-json\/wp\/v2\/posts\/280\/revisions"}],"predecessor-version":[{"id":615,"href":"http:\/\/feldbahn-riedlhuette.de\/fwr\/wp-json\/wp\/v2\/posts\/280\/revisions\/615"}],"wp:featuredmedia":[{"embeddable":true,"href":"http:\/\/feldbahn-riedlhuette.de\/fwr\/wp-json\/wp\/v2\/media\/330"}],"wp:attachment":[{"href":"http:\/\/feldbahn-riedlhuette.de\/fwr\/wp-json\/wp\/v2\/media?parent=280"}],"wp:term":[{"taxonomy":"category","embeddable":true,"href":"http:\/\/feldbahn-riedlhuette.de\/fwr\/wp-json\/wp\/v2\/categories?post=280"},{"taxonomy":"post_tag","embeddable":true,"href":"http:\/\/feldbahn-riedlhuette.de\/fwr\/wp-json\/wp\/v2\/tags?post=280"}],"curies":[{"name":"wp","href":"https:\/\/api.w.org\/{rel}","templated":true}]}}