{"id":702,"date":"2023-09-03T21:55:10","date_gmt":"2023-09-03T19:55:10","guid":{"rendered":"http:\/\/feldbahn-riedlhuette.de\/fwr\/?p=702"},"modified":"2023-10-23T10:44:17","modified_gmt":"2023-10-23T08:44:17","slug":"september-2023","status":"publish","type":"post","link":"http:\/\/feldbahn-riedlhuette.de\/fwr\/2023\/09\/03\/september-2023\/","title":{"rendered":"September 2023"},"content":{"rendered":"\n<p>Zum vorletzten Mal waren die Tore unseres Lokschuppens an diesem Wochenende ge\u00f6ffnet, bevor es in die Winterpause geht. Das Wetter spielte wieder mit, es war meistens sonnig, teils auch bew\u00f6lkt, aber vom Regen blieben wir verschont.<\/p>\n\n\n\n<p>Im Fahrbetrieb setzten wir dieses Mal die Gmeinder 18\/20 PS ein, die seit dem Glosafest wieder fahrbereit ist. \u00dcber den Samstag und Sonntag verteilt fuhren wir immer wieder interessierte Besucher \u00fcber die Strecke.<\/p>\n\n\n<style>.wp-block-kadence-advancedgallery .kb-gallery-type-masonry.kb-gallery-id-702_5c2c8f-12{margin:-5px;}.kb-gallery-type-masonry.kb-gallery-id-702_5c2c8f-12 .kadence-blocks-gallery-item{padding:5px;}.kb-gallery-id-702_5c2c8f-12 .kadence-blocks-gallery-item .kb-gal-image-radius, .kb-gallery-id-702_5c2c8f-12 .kb-slide-item .kb-gal-image-radius img{border-radius:0px 0px 0px 0px;;}.kb-gallery-caption-style-bottom.kb-gallery-id-702_5c2c8f-12 .kadence-blocks-gallery-item .kadence-blocks-gallery-item-inner .kadence-blocks-gallery-item__caption, .kb-gallery-caption-style-bottom-hover.kb-gallery-id-702_5c2c8f-12 .kadence-blocks-gallery-item .kadence-blocks-gallery-item-inner .kadence-blocks-gallery-item__caption{background:linear-gradient(0deg, rgba(0, 0, 0, 0.8) 0, rgba(0, 0, 0, 0) 100%);}<\/style><div class=\"kb-gallery-wrap-id-702_5c2c8f-12 alignnone wp-block-kadence-advancedgallery\"><ul class=\"kb-gallery-ul kb-gallery-non-static kb-gallery-type-masonry kb-masonry-init kb-gallery-id-702_5c2c8f-12 kb-gallery-caption-style-bottom-hover kb-gallery-filter-none kb-gallery-magnific-init\" data-image-filter=\"none\" data-item-selector=\".kadence-blocks-gallery-item\" data-lightbox-caption=\"true\" data-columns-xxl=\"3\" data-columns-xl=\"3\" data-columns-md=\"3\" data-columns-sm=\"2\" data-columns-xs=\"1\" data-columns-ss=\"1\"><li class=\"kadence-blocks-gallery-item\"><div class=\"kadence-blocks-gallery-item-inner\"><figure class=\"kb-gallery-figure kb-gallery-item-has-link kadence-blocks-gallery-item-has-caption\"><a href=\"http:\/\/feldbahn-riedlhuette.de\/fwr\/wp-content\/uploads\/2023\/09\/DSC06791_komprimiert.jpg\" data-description=\"Rangieren am Morgen vertreibt alle Sorgen.\" class=\"kb-gallery-item-link\"   role=\"button\" aria-haspopup=\"dialog\"><div class=\"kb-gal-image-radius\" style=\"max-width:1024px;\"><div class=\"kb-gallery-image-contain kadence-blocks-gallery-intrinsic\" style=\"padding-bottom:66%;\"><img loading=\"lazy\" decoding=\"async\" src=\"http:\/\/feldbahn-riedlhuette.de\/fwr\/wp-content\/uploads\/2023\/09\/DSC06791_komprimiert-1024x680.jpg\" width=\"1024\" height=\"680\" alt=\"\" data-full-image=\"http:\/\/feldbahn-riedlhuette.de\/fwr\/wp-content\/uploads\/2023\/09\/DSC06791_komprimiert.jpg\" data-light-image=\"http:\/\/feldbahn-riedlhuette.de\/fwr\/wp-content\/uploads\/2023\/09\/DSC06791_komprimiert.jpg\" data-id=\"704\" class=\"wp-image-704\" srcset=\"http:\/\/feldbahn-riedlhuette.de\/fwr\/wp-content\/uploads\/2023\/09\/DSC06791_komprimiert-1024x680.jpg 1024w, http:\/\/feldbahn-riedlhuette.de\/fwr\/wp-content\/uploads\/2023\/09\/DSC06791_komprimiert-300x199.jpg 300w, http:\/\/feldbahn-riedlhuette.de\/fwr\/wp-content\/uploads\/2023\/09\/DSC06791_komprimiert-768x510.jpg 768w, http:\/\/feldbahn-riedlhuette.de\/fwr\/wp-content\/uploads\/2023\/09\/DSC06791_komprimiert-1536x1021.jpg 1536w, http:\/\/feldbahn-riedlhuette.de\/fwr\/wp-content\/uploads\/2023\/09\/DSC06791_komprimiert.jpg 2000w\" sizes=\"auto, (max-width: 1024px) 100vw, 1024px\" \/><\/div><div class=\"kadence-blocks-gallery-item__caption\">Rangieren am Morgen vertreibt alle Sorgen.<\/div><\/div><\/a><\/figure><\/div><\/li><li class=\"kadence-blocks-gallery-item\"><div class=\"kadence-blocks-gallery-item-inner\"><figure class=\"kb-gallery-figure kb-gallery-item-has-link kadence-blocks-gallery-item-has-caption\"><a href=\"http:\/\/feldbahn-riedlhuette.de\/fwr\/wp-content\/uploads\/2023\/09\/DSC06818_komprimiert.jpg\" data-description=\"Die Kipploren wurden ans Streckenende gedr\u00fcckt\" class=\"kb-gallery-item-link\"   role=\"button\" aria-haspopup=\"dialog\"><div class=\"kb-gal-image-radius\" style=\"max-width:800px;\"><div class=\"kb-gallery-image-contain kadence-blocks-gallery-intrinsic\" style=\"padding-bottom:66%;\"><img loading=\"lazy\" decoding=\"async\" src=\"http:\/\/feldbahn-riedlhuette.de\/fwr\/wp-content\/uploads\/2023\/09\/DSC06818_komprimiert-1024x680.jpg\" width=\"800\" height=\"531\" alt=\"\" data-full-image=\"http:\/\/feldbahn-riedlhuette.de\/fwr\/wp-content\/uploads\/2023\/09\/DSC06818_komprimiert.jpg\" data-light-image=\"http:\/\/feldbahn-riedlhuette.de\/fwr\/wp-content\/uploads\/2023\/09\/DSC06818_komprimiert.jpg\" data-id=\"711\" class=\"wp-image-711\" srcset=\"http:\/\/feldbahn-riedlhuette.de\/fwr\/wp-content\/uploads\/2023\/09\/DSC06818_komprimiert-1024x680.jpg 1024w, http:\/\/feldbahn-riedlhuette.de\/fwr\/wp-content\/uploads\/2023\/09\/DSC06818_komprimiert-300x199.jpg 300w, http:\/\/feldbahn-riedlhuette.de\/fwr\/wp-content\/uploads\/2023\/09\/DSC06818_komprimiert-768x510.jpg 768w, http:\/\/feldbahn-riedlhuette.de\/fwr\/wp-content\/uploads\/2023\/09\/DSC06818_komprimiert-1536x1021.jpg 1536w, http:\/\/feldbahn-riedlhuette.de\/fwr\/wp-content\/uploads\/2023\/09\/DSC06818_komprimiert.jpg 2000w\" sizes=\"auto, (max-width: 800px) 100vw, 800px\" \/><\/div><div class=\"kadence-blocks-gallery-item__caption\">Die Kipploren wurden ans Streckenende gedr\u00fcckt<\/div><\/div><\/a><\/figure><\/div><\/li><li class=\"kadence-blocks-gallery-item\"><div class=\"kadence-blocks-gallery-item-inner\"><figure class=\"kb-gallery-figure kb-gallery-item-has-link kadence-blocks-gallery-item-has-caption\"><a href=\"http:\/\/feldbahn-riedlhuette.de\/fwr\/wp-content\/uploads\/2023\/09\/DSC06862_komprimiert-1.jpg\" data-description=\"Beim ersten Personenzug am Sonntag gab es freie Platzwahl\" class=\"kb-gallery-item-link\"   role=\"button\" aria-haspopup=\"dialog\"><div class=\"kb-gal-image-radius\" style=\"max-width:1024px;\"><div class=\"kb-gallery-image-contain kadence-blocks-gallery-intrinsic\" style=\"padding-bottom:66%;\"><img loading=\"lazy\" decoding=\"async\" src=\"http:\/\/feldbahn-riedlhuette.de\/fwr\/wp-content\/uploads\/2023\/09\/DSC06862_komprimiert-1-1024x680.jpg\" width=\"1024\" height=\"680\" alt=\"\" data-full-image=\"http:\/\/feldbahn-riedlhuette.de\/fwr\/wp-content\/uploads\/2023\/09\/DSC06862_komprimiert-1.jpg\" data-light-image=\"http:\/\/feldbahn-riedlhuette.de\/fwr\/wp-content\/uploads\/2023\/09\/DSC06862_komprimiert-1.jpg\" data-id=\"707\" class=\"wp-image-707\" srcset=\"http:\/\/feldbahn-riedlhuette.de\/fwr\/wp-content\/uploads\/2023\/09\/DSC06862_komprimiert-1-1024x680.jpg 1024w, http:\/\/feldbahn-riedlhuette.de\/fwr\/wp-content\/uploads\/2023\/09\/DSC06862_komprimiert-1-300x199.jpg 300w, http:\/\/feldbahn-riedlhuette.de\/fwr\/wp-content\/uploads\/2023\/09\/DSC06862_komprimiert-1-768x510.jpg 768w, http:\/\/feldbahn-riedlhuette.de\/fwr\/wp-content\/uploads\/2023\/09\/DSC06862_komprimiert-1-1536x1021.jpg 1536w, http:\/\/feldbahn-riedlhuette.de\/fwr\/wp-content\/uploads\/2023\/09\/DSC06862_komprimiert-1.jpg 2000w\" sizes=\"auto, (max-width: 1024px) 100vw, 1024px\" \/><\/div><div class=\"kadence-blocks-gallery-item__caption\">Beim ersten Personenzug am Sonntag gab es freie Platzwahl<\/div><\/div><\/a><\/figure><\/div><\/li><li class=\"kadence-blocks-gallery-item\"><div class=\"kadence-blocks-gallery-item-inner\"><figure class=\"kb-gallery-figure kb-gallery-item-has-link kadence-blocks-gallery-item-has-caption\"><a href=\"http:\/\/feldbahn-riedlhuette.de\/fwr\/wp-content\/uploads\/2023\/09\/DSC06872_komprimiert.jpg\" data-description=\"Lokf\u00fchrer Daniel\" class=\"kb-gallery-item-link\"   role=\"button\" aria-haspopup=\"dialog\"><div class=\"kb-gal-image-radius\" style=\"max-width:1024px;\"><div class=\"kb-gallery-image-contain kadence-blocks-gallery-intrinsic\" style=\"padding-bottom:66%;\"><img loading=\"lazy\" decoding=\"async\" src=\"http:\/\/feldbahn-riedlhuette.de\/fwr\/wp-content\/uploads\/2023\/09\/DSC06872_komprimiert-1024x680.jpg\" width=\"1024\" height=\"680\" alt=\"\" data-full-image=\"http:\/\/feldbahn-riedlhuette.de\/fwr\/wp-content\/uploads\/2023\/09\/DSC06872_komprimiert.jpg\" data-light-image=\"http:\/\/feldbahn-riedlhuette.de\/fwr\/wp-content\/uploads\/2023\/09\/DSC06872_komprimiert.jpg\" data-id=\"708\" class=\"wp-image-708\" srcset=\"http:\/\/feldbahn-riedlhuette.de\/fwr\/wp-content\/uploads\/2023\/09\/DSC06872_komprimiert-1024x680.jpg 1024w, http:\/\/feldbahn-riedlhuette.de\/fwr\/wp-content\/uploads\/2023\/09\/DSC06872_komprimiert-300x199.jpg 300w, http:\/\/feldbahn-riedlhuette.de\/fwr\/wp-content\/uploads\/2023\/09\/DSC06872_komprimiert-768x510.jpg 768w, http:\/\/feldbahn-riedlhuette.de\/fwr\/wp-content\/uploads\/2023\/09\/DSC06872_komprimiert-1536x1021.jpg 1536w, http:\/\/feldbahn-riedlhuette.de\/fwr\/wp-content\/uploads\/2023\/09\/DSC06872_komprimiert.jpg 2000w\" sizes=\"auto, (max-width: 1024px) 100vw, 1024px\" \/><\/div><div class=\"kadence-blocks-gallery-item__caption\">Lokf\u00fchrer Daniel<\/div><\/div><\/a><\/figure><\/div><\/li><li class=\"kadence-blocks-gallery-item\"><div class=\"kadence-blocks-gallery-item-inner\"><figure class=\"kb-gallery-figure kb-gallery-item-has-link kadence-blocks-gallery-item-has-caption\"><a href=\"http:\/\/feldbahn-riedlhuette.de\/fwr\/wp-content\/uploads\/2023\/09\/DSC06878_komprimiert.jpg\" data-description=\"Umsetzen am Streckenende\" class=\"kb-gallery-item-link\"   role=\"button\" aria-haspopup=\"dialog\"><div class=\"kb-gal-image-radius\" style=\"max-width:1024px;\"><div class=\"kb-gallery-image-contain kadence-blocks-gallery-intrinsic\" style=\"padding-bottom:66%;\"><img loading=\"lazy\" decoding=\"async\" src=\"http:\/\/feldbahn-riedlhuette.de\/fwr\/wp-content\/uploads\/2023\/09\/DSC06878_komprimiert-1024x680.jpg\" width=\"1024\" height=\"680\" alt=\"\" data-full-image=\"http:\/\/feldbahn-riedlhuette.de\/fwr\/wp-content\/uploads\/2023\/09\/DSC06878_komprimiert.jpg\" data-light-image=\"http:\/\/feldbahn-riedlhuette.de\/fwr\/wp-content\/uploads\/2023\/09\/DSC06878_komprimiert.jpg\" data-id=\"709\" class=\"wp-image-709\" srcset=\"http:\/\/feldbahn-riedlhuette.de\/fwr\/wp-content\/uploads\/2023\/09\/DSC06878_komprimiert-1024x680.jpg 1024w, http:\/\/feldbahn-riedlhuette.de\/fwr\/wp-content\/uploads\/2023\/09\/DSC06878_komprimiert-300x199.jpg 300w, http:\/\/feldbahn-riedlhuette.de\/fwr\/wp-content\/uploads\/2023\/09\/DSC06878_komprimiert-768x510.jpg 768w, http:\/\/feldbahn-riedlhuette.de\/fwr\/wp-content\/uploads\/2023\/09\/DSC06878_komprimiert-1536x1021.jpg 1536w, http:\/\/feldbahn-riedlhuette.de\/fwr\/wp-content\/uploads\/2023\/09\/DSC06878_komprimiert.jpg 2000w\" sizes=\"auto, (max-width: 1024px) 100vw, 1024px\" \/><\/div><div class=\"kadence-blocks-gallery-item__caption\">Umsetzen am Streckenende<\/div><\/div><\/a><\/figure><\/div><\/li><li class=\"kadence-blocks-gallery-item\"><div class=\"kadence-blocks-gallery-item-inner\"><figure class=\"kb-gallery-figure kb-gallery-item-has-link kadence-blocks-gallery-item-has-caption\"><a href=\"http:\/\/feldbahn-riedlhuette.de\/fwr\/wp-content\/uploads\/2023\/09\/DSC06905_komprimiert.jpg\" data-description=\"Zur\u00fcck am Bahnhof\" class=\"kb-gallery-item-link\"   role=\"button\" aria-haspopup=\"dialog\"><div class=\"kb-gal-image-radius\" style=\"max-width:1024px;\"><div class=\"kb-gallery-image-contain kadence-blocks-gallery-intrinsic\" style=\"padding-bottom:66%;\"><img loading=\"lazy\" decoding=\"async\" src=\"http:\/\/feldbahn-riedlhuette.de\/fwr\/wp-content\/uploads\/2023\/09\/DSC06905_komprimiert-1024x680.jpg\" width=\"1024\" height=\"680\" alt=\"\" data-full-image=\"http:\/\/feldbahn-riedlhuette.de\/fwr\/wp-content\/uploads\/2023\/09\/DSC06905_komprimiert.jpg\" data-light-image=\"http:\/\/feldbahn-riedlhuette.de\/fwr\/wp-content\/uploads\/2023\/09\/DSC06905_komprimiert.jpg\" data-id=\"710\" class=\"wp-image-710\" srcset=\"http:\/\/feldbahn-riedlhuette.de\/fwr\/wp-content\/uploads\/2023\/09\/DSC06905_komprimiert-1024x680.jpg 1024w, http:\/\/feldbahn-riedlhuette.de\/fwr\/wp-content\/uploads\/2023\/09\/DSC06905_komprimiert-300x199.jpg 300w, http:\/\/feldbahn-riedlhuette.de\/fwr\/wp-content\/uploads\/2023\/09\/DSC06905_komprimiert-768x510.jpg 768w, http:\/\/feldbahn-riedlhuette.de\/fwr\/wp-content\/uploads\/2023\/09\/DSC06905_komprimiert-1536x1021.jpg 1536w, http:\/\/feldbahn-riedlhuette.de\/fwr\/wp-content\/uploads\/2023\/09\/DSC06905_komprimiert.jpg 2000w\" sizes=\"auto, (max-width: 1024px) 100vw, 1024px\" \/><\/div><div class=\"kadence-blocks-gallery-item__caption\">Zur\u00fcck am Bahnhof<\/div><\/div><\/a><\/figure><\/div><\/li><\/ul><\/div>\n\n\n<p><\/p>\n\n\n\n<p>Apropos fahrbereit &#8211; das ist jetzt auch der Schienenkuli, der sich seit einigen Jahren in Riedlh\u00fctte befindet. Leider funktionierte er nur zu Beginn und war seitdem nicht mehr fahrbereit. Nach langer Fehlersuche stellte sich heraus, dass das Problem bei der Einspritzpumpe liegt. Erst durch Tausch gegen eine gleichwertige Pumpe f\u00e4hrt der Kuli wieder.<\/p>\n\n\n<style>.wp-block-kadence-advancedgallery .kb-gallery-type-masonry.kb-gallery-id-702_d32320-d9{margin:-5px;}.kb-gallery-type-masonry.kb-gallery-id-702_d32320-d9 .kadence-blocks-gallery-item{padding:5px;}.kb-gallery-id-702_d32320-d9 .kadence-blocks-gallery-item .kb-gal-image-radius, .kb-gallery-id-702_d32320-d9 .kb-slide-item .kb-gal-image-radius img{border-radius:0px 0px 0px 0px;;}.kb-gallery-caption-style-bottom.kb-gallery-id-702_d32320-d9 .kadence-blocks-gallery-item .kadence-blocks-gallery-item-inner .kadence-blocks-gallery-item__caption, .kb-gallery-caption-style-bottom-hover.kb-gallery-id-702_d32320-d9 .kadence-blocks-gallery-item .kadence-blocks-gallery-item-inner .kadence-blocks-gallery-item__caption{background:linear-gradient(0deg, rgba(0, 0, 0, 0.8) 0, rgba(0, 0, 0, 0) 100%);}<\/style><div class=\"kb-gallery-wrap-id-702_d32320-d9 alignnone wp-block-kadence-advancedgallery\"><ul class=\"kb-gallery-ul kb-gallery-non-static kb-gallery-type-masonry kb-masonry-init kb-gallery-id-702_d32320-d9 kb-gallery-caption-style-bottom-hover kb-gallery-filter-none kb-gallery-magnific-init\" data-image-filter=\"none\" data-item-selector=\".kadence-blocks-gallery-item\" data-lightbox-caption=\"true\" data-columns-xxl=\"3\" data-columns-xl=\"3\" data-columns-md=\"3\" data-columns-sm=\"2\" data-columns-xs=\"1\" data-columns-ss=\"1\"><li class=\"kadence-blocks-gallery-item\"><div class=\"kadence-blocks-gallery-item-inner\"><figure class=\"kb-gallery-figure kb-gallery-item-has-link kadence-blocks-gallery-item-has-caption\"><a href=\"http:\/\/feldbahn-riedlhuette.de\/fwr\/wp-content\/uploads\/2023\/09\/DSC06908_komprimiert.jpg\" data-description=\"Wo liegt das Problem...\" class=\"kb-gallery-item-link\"   role=\"button\" aria-haspopup=\"dialog\"><div class=\"kb-gal-image-radius\" style=\"max-width:1024px;\"><div class=\"kb-gallery-image-contain kadence-blocks-gallery-intrinsic\" style=\"padding-bottom:66%;\"><img loading=\"lazy\" decoding=\"async\" src=\"http:\/\/feldbahn-riedlhuette.de\/fwr\/wp-content\/uploads\/2023\/09\/DSC06908_komprimiert-1024x680.jpg\" width=\"1024\" height=\"680\" alt=\"\" data-full-image=\"http:\/\/feldbahn-riedlhuette.de\/fwr\/wp-content\/uploads\/2023\/09\/DSC06908_komprimiert.jpg\" data-light-image=\"http:\/\/feldbahn-riedlhuette.de\/fwr\/wp-content\/uploads\/2023\/09\/DSC06908_komprimiert.jpg\" data-id=\"716\" class=\"wp-image-716\" srcset=\"http:\/\/feldbahn-riedlhuette.de\/fwr\/wp-content\/uploads\/2023\/09\/DSC06908_komprimiert-1024x680.jpg 1024w, http:\/\/feldbahn-riedlhuette.de\/fwr\/wp-content\/uploads\/2023\/09\/DSC06908_komprimiert-300x199.jpg 300w, http:\/\/feldbahn-riedlhuette.de\/fwr\/wp-content\/uploads\/2023\/09\/DSC06908_komprimiert-768x510.jpg 768w, http:\/\/feldbahn-riedlhuette.de\/fwr\/wp-content\/uploads\/2023\/09\/DSC06908_komprimiert-1536x1021.jpg 1536w, http:\/\/feldbahn-riedlhuette.de\/fwr\/wp-content\/uploads\/2023\/09\/DSC06908_komprimiert.jpg 2000w\" sizes=\"auto, (max-width: 1024px) 100vw, 1024px\" \/><\/div><div class=\"kadence-blocks-gallery-item__caption\">Wo liegt das Problem&#8230;<\/div><\/div><\/a><\/figure><\/div><\/li><li class=\"kadence-blocks-gallery-item\"><div class=\"kadence-blocks-gallery-item-inner\"><figure class=\"kb-gallery-figure kb-gallery-item-has-link kadence-blocks-gallery-item-has-caption\"><a href=\"http:\/\/feldbahn-riedlhuette.de\/fwr\/wp-content\/uploads\/2023\/09\/DSC06934_komprimiert.jpg\" data-description=\"Da liegt&#039;s!\" class=\"kb-gallery-item-link\"   role=\"button\" aria-haspopup=\"dialog\"><div class=\"kb-gal-image-radius\" style=\"max-width:800px;\"><div class=\"kb-gallery-image-contain kadence-blocks-gallery-intrinsic\" style=\"padding-bottom:66%;\"><img loading=\"lazy\" decoding=\"async\" src=\"http:\/\/feldbahn-riedlhuette.de\/fwr\/wp-content\/uploads\/2023\/09\/DSC06934_komprimiert-1024x680.jpg\" width=\"800\" height=\"531\" alt=\"\" data-full-image=\"http:\/\/feldbahn-riedlhuette.de\/fwr\/wp-content\/uploads\/2023\/09\/DSC06934_komprimiert.jpg\" data-light-image=\"http:\/\/feldbahn-riedlhuette.de\/fwr\/wp-content\/uploads\/2023\/09\/DSC06934_komprimiert.jpg\" data-id=\"717\" class=\"wp-image-717\" srcset=\"http:\/\/feldbahn-riedlhuette.de\/fwr\/wp-content\/uploads\/2023\/09\/DSC06934_komprimiert-1024x680.jpg 1024w, http:\/\/feldbahn-riedlhuette.de\/fwr\/wp-content\/uploads\/2023\/09\/DSC06934_komprimiert-300x199.jpg 300w, http:\/\/feldbahn-riedlhuette.de\/fwr\/wp-content\/uploads\/2023\/09\/DSC06934_komprimiert-768x510.jpg 768w, http:\/\/feldbahn-riedlhuette.de\/fwr\/wp-content\/uploads\/2023\/09\/DSC06934_komprimiert-1536x1021.jpg 1536w, http:\/\/feldbahn-riedlhuette.de\/fwr\/wp-content\/uploads\/2023\/09\/DSC06934_komprimiert.jpg 2000w\" sizes=\"auto, (max-width: 800px) 100vw, 800px\" \/><\/div><div class=\"kadence-blocks-gallery-item__caption\">Da liegt&#8217;s!<\/div><\/div><\/a><\/figure><\/div><\/li><li class=\"kadence-blocks-gallery-item\"><div class=\"kadence-blocks-gallery-item-inner\"><figure class=\"kb-gallery-figure kb-gallery-item-has-link kadence-blocks-gallery-item-has-caption\"><a href=\"http:\/\/feldbahn-riedlhuette.de\/fwr\/wp-content\/uploads\/2023\/09\/DSC06937_komprimiert.jpg\" data-description=\"L\u00e4uft er?\" class=\"kb-gallery-item-link\"   role=\"button\" aria-haspopup=\"dialog\"><div class=\"kb-gal-image-radius\" style=\"max-width:1024px;\"><div class=\"kb-gallery-image-contain kadence-blocks-gallery-intrinsic\" style=\"padding-bottom:66%;\"><img loading=\"lazy\" decoding=\"async\" src=\"http:\/\/feldbahn-riedlhuette.de\/fwr\/wp-content\/uploads\/2023\/09\/DSC06937_komprimiert-1024x680.jpg\" width=\"1024\" height=\"680\" alt=\"\" data-full-image=\"http:\/\/feldbahn-riedlhuette.de\/fwr\/wp-content\/uploads\/2023\/09\/DSC06937_komprimiert.jpg\" data-light-image=\"http:\/\/feldbahn-riedlhuette.de\/fwr\/wp-content\/uploads\/2023\/09\/DSC06937_komprimiert.jpg\" data-id=\"712\" class=\"wp-image-712\" srcset=\"http:\/\/feldbahn-riedlhuette.de\/fwr\/wp-content\/uploads\/2023\/09\/DSC06937_komprimiert-1024x680.jpg 1024w, http:\/\/feldbahn-riedlhuette.de\/fwr\/wp-content\/uploads\/2023\/09\/DSC06937_komprimiert-300x199.jpg 300w, http:\/\/feldbahn-riedlhuette.de\/fwr\/wp-content\/uploads\/2023\/09\/DSC06937_komprimiert-768x510.jpg 768w, http:\/\/feldbahn-riedlhuette.de\/fwr\/wp-content\/uploads\/2023\/09\/DSC06937_komprimiert-1536x1021.jpg 1536w, http:\/\/feldbahn-riedlhuette.de\/fwr\/wp-content\/uploads\/2023\/09\/DSC06937_komprimiert.jpg 2000w\" sizes=\"auto, (max-width: 1024px) 100vw, 1024px\" \/><\/div><div class=\"kadence-blocks-gallery-item__caption\">L\u00e4uft er?<\/div><\/div><\/a><\/figure><\/div><\/li><li class=\"kadence-blocks-gallery-item\"><div class=\"kadence-blocks-gallery-item-inner\"><figure class=\"kb-gallery-figure kb-gallery-item-has-link kadence-blocks-gallery-item-has-caption\"><a href=\"http:\/\/feldbahn-riedlhuette.de\/fwr\/wp-content\/uploads\/2023\/09\/DSC06986_komprimiert.jpg\" data-description=\"Er l\u00e4uft!\" class=\"kb-gallery-item-link\"   role=\"button\" aria-haspopup=\"dialog\"><div class=\"kb-gal-image-radius\" style=\"max-width:1024px;\"><div class=\"kb-gallery-image-contain kadence-blocks-gallery-intrinsic\" style=\"padding-bottom:66%;\"><img loading=\"lazy\" decoding=\"async\" src=\"http:\/\/feldbahn-riedlhuette.de\/fwr\/wp-content\/uploads\/2023\/09\/DSC06986_komprimiert-1024x680.jpg\" width=\"1024\" height=\"680\" alt=\"\" data-full-image=\"http:\/\/feldbahn-riedlhuette.de\/fwr\/wp-content\/uploads\/2023\/09\/DSC06986_komprimiert.jpg\" data-light-image=\"http:\/\/feldbahn-riedlhuette.de\/fwr\/wp-content\/uploads\/2023\/09\/DSC06986_komprimiert.jpg\" data-id=\"713\" class=\"wp-image-713\" srcset=\"http:\/\/feldbahn-riedlhuette.de\/fwr\/wp-content\/uploads\/2023\/09\/DSC06986_komprimiert-1024x680.jpg 1024w, http:\/\/feldbahn-riedlhuette.de\/fwr\/wp-content\/uploads\/2023\/09\/DSC06986_komprimiert-300x199.jpg 300w, http:\/\/feldbahn-riedlhuette.de\/fwr\/wp-content\/uploads\/2023\/09\/DSC06986_komprimiert-768x510.jpg 768w, http:\/\/feldbahn-riedlhuette.de\/fwr\/wp-content\/uploads\/2023\/09\/DSC06986_komprimiert-1536x1021.jpg 1536w, http:\/\/feldbahn-riedlhuette.de\/fwr\/wp-content\/uploads\/2023\/09\/DSC06986_komprimiert.jpg 2000w\" sizes=\"auto, (max-width: 1024px) 100vw, 1024px\" \/><\/div><div class=\"kadence-blocks-gallery-item__caption\">Er l\u00e4uft!<\/div><\/div><\/a><\/figure><\/div><\/li><li class=\"kadence-blocks-gallery-item\"><div class=\"kadence-blocks-gallery-item-inner\"><figure class=\"kb-gallery-figure kb-gallery-item-has-link kadence-blocks-gallery-item-has-caption\"><a href=\"http:\/\/feldbahn-riedlhuette.de\/fwr\/wp-content\/uploads\/2023\/09\/DSC07001_komprimiert.jpg\" data-description=\"Erste Testfahrt...\" class=\"kb-gallery-item-link\"   role=\"button\" aria-haspopup=\"dialog\"><div class=\"kb-gal-image-radius\" style=\"max-width:1024px;\"><div class=\"kb-gallery-image-contain kadence-blocks-gallery-intrinsic\" style=\"padding-bottom:66%;\"><img loading=\"lazy\" decoding=\"async\" src=\"http:\/\/feldbahn-riedlhuette.de\/fwr\/wp-content\/uploads\/2023\/09\/DSC07001_komprimiert-1024x680.jpg\" width=\"1024\" height=\"680\" alt=\"\" data-full-image=\"http:\/\/feldbahn-riedlhuette.de\/fwr\/wp-content\/uploads\/2023\/09\/DSC07001_komprimiert.jpg\" data-light-image=\"http:\/\/feldbahn-riedlhuette.de\/fwr\/wp-content\/uploads\/2023\/09\/DSC07001_komprimiert.jpg\" data-id=\"714\" class=\"wp-image-714\" srcset=\"http:\/\/feldbahn-riedlhuette.de\/fwr\/wp-content\/uploads\/2023\/09\/DSC07001_komprimiert-1024x680.jpg 1024w, http:\/\/feldbahn-riedlhuette.de\/fwr\/wp-content\/uploads\/2023\/09\/DSC07001_komprimiert-300x199.jpg 300w, http:\/\/feldbahn-riedlhuette.de\/fwr\/wp-content\/uploads\/2023\/09\/DSC07001_komprimiert-768x510.jpg 768w, http:\/\/feldbahn-riedlhuette.de\/fwr\/wp-content\/uploads\/2023\/09\/DSC07001_komprimiert-1536x1021.jpg 1536w, http:\/\/feldbahn-riedlhuette.de\/fwr\/wp-content\/uploads\/2023\/09\/DSC07001_komprimiert.jpg 2000w\" sizes=\"auto, (max-width: 1024px) 100vw, 1024px\" \/><\/div><div class=\"kadence-blocks-gallery-item__caption\">Erste Testfahrt&#8230;<\/div><\/div><\/a><\/figure><\/div><\/li><li class=\"kadence-blocks-gallery-item\"><div class=\"kadence-blocks-gallery-item-inner\"><figure class=\"kb-gallery-figure kb-gallery-item-has-link kadence-blocks-gallery-item-has-caption\"><a href=\"http:\/\/feldbahn-riedlhuette.de\/fwr\/wp-content\/uploads\/2023\/09\/DSC06966_komprimiert.jpg\" data-description=\"...und sogar einen Personenzug durfte der Kuli ziehen.\" class=\"kb-gallery-item-link\"   role=\"button\" aria-haspopup=\"dialog\"><div class=\"kb-gal-image-radius\" style=\"max-width:1024px;\"><div class=\"kb-gallery-image-contain kadence-blocks-gallery-intrinsic\" style=\"padding-bottom:66%;\"><img loading=\"lazy\" decoding=\"async\" src=\"http:\/\/feldbahn-riedlhuette.de\/fwr\/wp-content\/uploads\/2023\/09\/DSC06966_komprimiert-1024x680.jpg\" width=\"1024\" height=\"680\" alt=\"\" data-full-image=\"http:\/\/feldbahn-riedlhuette.de\/fwr\/wp-content\/uploads\/2023\/09\/DSC06966_komprimiert.jpg\" data-light-image=\"http:\/\/feldbahn-riedlhuette.de\/fwr\/wp-content\/uploads\/2023\/09\/DSC06966_komprimiert.jpg\" data-id=\"715\" class=\"wp-image-715\" srcset=\"http:\/\/feldbahn-riedlhuette.de\/fwr\/wp-content\/uploads\/2023\/09\/DSC06966_komprimiert-1024x680.jpg 1024w, http:\/\/feldbahn-riedlhuette.de\/fwr\/wp-content\/uploads\/2023\/09\/DSC06966_komprimiert-300x199.jpg 300w, http:\/\/feldbahn-riedlhuette.de\/fwr\/wp-content\/uploads\/2023\/09\/DSC06966_komprimiert-768x510.jpg 768w, http:\/\/feldbahn-riedlhuette.de\/fwr\/wp-content\/uploads\/2023\/09\/DSC06966_komprimiert-1536x1021.jpg 1536w, http:\/\/feldbahn-riedlhuette.de\/fwr\/wp-content\/uploads\/2023\/09\/DSC06966_komprimiert.jpg 2000w\" sizes=\"auto, (max-width: 1024px) 100vw, 1024px\" \/><\/div><div class=\"kadence-blocks-gallery-item__caption\">&#8230;und sogar einen Personenzug durfte der Kuli ziehen.<\/div><\/div><\/a><\/figure><\/div><\/li><\/ul><\/div>\n\n\n<p><\/p>\n\n\n\n<p>Da wir n\u00e4chsten Samstag das Kipplore-Treffen in Ainring besuchen, haben wir den Schienenkuli danach auf Daniels &#8222;Blauen Flitzer&#8220; verladen. N\u00e4chstes Wochenende folgen dann Bilder auf fremder Strecke \ud83d\ude09<\/p>\n\n\n<style>.wp-block-kadence-advancedgallery .kb-gallery-type-masonry.kb-gallery-id-702_1be5af-cd{margin:-5px;}.kb-gallery-type-masonry.kb-gallery-id-702_1be5af-cd .kadence-blocks-gallery-item{padding:5px;}.kb-gallery-id-702_1be5af-cd .kadence-blocks-gallery-item .kb-gal-image-radius, .kb-gallery-id-702_1be5af-cd .kb-slide-item .kb-gal-image-radius img{border-radius:0px 0px 0px 0px;;}.kb-gallery-caption-style-bottom.kb-gallery-id-702_1be5af-cd .kadence-blocks-gallery-item .kadence-blocks-gallery-item-inner .kadence-blocks-gallery-item__caption, .kb-gallery-caption-style-bottom-hover.kb-gallery-id-702_1be5af-cd .kadence-blocks-gallery-item .kadence-blocks-gallery-item-inner .kadence-blocks-gallery-item__caption{background:linear-gradient(0deg, rgba(0, 0, 0, 0.8) 0, rgba(0, 0, 0, 0) 100%);}<\/style><div class=\"kb-gallery-wrap-id-702_1be5af-cd alignnone wp-block-kadence-advancedgallery\"><ul class=\"kb-gallery-ul kb-gallery-non-static kb-gallery-type-masonry kb-masonry-init kb-gallery-id-702_1be5af-cd kb-gallery-caption-style-bottom-hover kb-gallery-filter-none kb-gallery-magnific-init\" data-image-filter=\"none\" data-item-selector=\".kadence-blocks-gallery-item\" data-lightbox-caption=\"true\" data-columns-xxl=\"4\" data-columns-xl=\"4\" data-columns-md=\"4\" data-columns-sm=\"3\" data-columns-xs=\"2\" data-columns-ss=\"2\"><li class=\"kadence-blocks-gallery-item\"><div class=\"kadence-blocks-gallery-item-inner\"><figure class=\"kb-gallery-figure kb-gallery-item-has-link kadence-blocks-gallery-item-has-caption\"><a href=\"http:\/\/feldbahn-riedlhuette.de\/fwr\/wp-content\/uploads\/2023\/09\/DSC07024_komprimiert.jpg\" data-description=\"Der Schienenkuli wurde mithilfe des Radladers aufgeladen\" class=\"kb-gallery-item-link\"   role=\"button\" aria-haspopup=\"dialog\"><div class=\"kb-gal-image-radius\" style=\"max-width:1024px;\"><div class=\"kb-gallery-image-contain kadence-blocks-gallery-intrinsic\" style=\"padding-bottom:66%;\"><img loading=\"lazy\" decoding=\"async\" src=\"http:\/\/feldbahn-riedlhuette.de\/fwr\/wp-content\/uploads\/2023\/09\/DSC07024_komprimiert-1024x680.jpg\" width=\"1024\" height=\"680\" alt=\"\" data-full-image=\"http:\/\/feldbahn-riedlhuette.de\/fwr\/wp-content\/uploads\/2023\/09\/DSC07024_komprimiert.jpg\" data-light-image=\"http:\/\/feldbahn-riedlhuette.de\/fwr\/wp-content\/uploads\/2023\/09\/DSC07024_komprimiert.jpg\" data-id=\"718\" class=\"wp-image-718\" srcset=\"http:\/\/feldbahn-riedlhuette.de\/fwr\/wp-content\/uploads\/2023\/09\/DSC07024_komprimiert-1024x680.jpg 1024w, http:\/\/feldbahn-riedlhuette.de\/fwr\/wp-content\/uploads\/2023\/09\/DSC07024_komprimiert-300x199.jpg 300w, http:\/\/feldbahn-riedlhuette.de\/fwr\/wp-content\/uploads\/2023\/09\/DSC07024_komprimiert-768x510.jpg 768w, http:\/\/feldbahn-riedlhuette.de\/fwr\/wp-content\/uploads\/2023\/09\/DSC07024_komprimiert-1536x1021.jpg 1536w, http:\/\/feldbahn-riedlhuette.de\/fwr\/wp-content\/uploads\/2023\/09\/DSC07024_komprimiert.jpg 2000w\" sizes=\"auto, (max-width: 1024px) 100vw, 1024px\" \/><\/div><div class=\"kadence-blocks-gallery-item__caption\">Der Schienenkuli wurde mithilfe des Radladers aufgeladen<\/div><\/div><\/a><\/figure><\/div><\/li><li class=\"kadence-blocks-gallery-item\"><div class=\"kadence-blocks-gallery-item-inner\"><figure class=\"kb-gallery-figure kb-gallery-item-has-link kadence-blocks-gallery-item-has-caption\"><a href=\"http:\/\/feldbahn-riedlhuette.de\/fwr\/wp-content\/uploads\/2023\/09\/DSC07028_komprimiert.jpg\" data-description=\"Ein Gleisrahmen sorgt daf\u00fcr, dass er sich auf der Ladefl\u00e4che wohl f\u00fchlt\" class=\"kb-gallery-item-link\"   role=\"button\" aria-haspopup=\"dialog\"><div class=\"kb-gal-image-radius\" style=\"max-width:1024px;\"><div class=\"kb-gallery-image-contain kadence-blocks-gallery-intrinsic\" style=\"padding-bottom:66%;\"><img loading=\"lazy\" decoding=\"async\" src=\"http:\/\/feldbahn-riedlhuette.de\/fwr\/wp-content\/uploads\/2023\/09\/DSC07028_komprimiert-1024x680.jpg\" width=\"1024\" height=\"680\" alt=\"\" data-full-image=\"http:\/\/feldbahn-riedlhuette.de\/fwr\/wp-content\/uploads\/2023\/09\/DSC07028_komprimiert.jpg\" data-light-image=\"http:\/\/feldbahn-riedlhuette.de\/fwr\/wp-content\/uploads\/2023\/09\/DSC07028_komprimiert.jpg\" data-id=\"719\" class=\"wp-image-719\" srcset=\"http:\/\/feldbahn-riedlhuette.de\/fwr\/wp-content\/uploads\/2023\/09\/DSC07028_komprimiert-1024x680.jpg 1024w, http:\/\/feldbahn-riedlhuette.de\/fwr\/wp-content\/uploads\/2023\/09\/DSC07028_komprimiert-300x199.jpg 300w, http:\/\/feldbahn-riedlhuette.de\/fwr\/wp-content\/uploads\/2023\/09\/DSC07028_komprimiert-768x510.jpg 768w, http:\/\/feldbahn-riedlhuette.de\/fwr\/wp-content\/uploads\/2023\/09\/DSC07028_komprimiert-1536x1021.jpg 1536w, http:\/\/feldbahn-riedlhuette.de\/fwr\/wp-content\/uploads\/2023\/09\/DSC07028_komprimiert.jpg 2000w\" sizes=\"auto, (max-width: 1024px) 100vw, 1024px\" \/><\/div><div class=\"kadence-blocks-gallery-item__caption\">Ein Gleisrahmen sorgt daf\u00fcr, dass er sich auf der Ladefl\u00e4che wohl f\u00fchlt<\/div><\/div><\/a><\/figure><\/div><\/li><li class=\"kadence-blocks-gallery-item\"><div class=\"kadence-blocks-gallery-item-inner\"><figure class=\"kb-gallery-figure kb-gallery-item-has-link kadence-blocks-gallery-item-has-caption\"><a href=\"http:\/\/feldbahn-riedlhuette.de\/fwr\/wp-content\/uploads\/2023\/09\/DSC07048_komprimiert.jpg\" data-description=\"Gut befestigt kann es auf den Weg nach Oberbayern gehen\" class=\"kb-gallery-item-link\"   role=\"button\" aria-haspopup=\"dialog\"><div class=\"kb-gal-image-radius\" style=\"max-width:1024px;\"><div class=\"kb-gallery-image-contain kadence-blocks-gallery-intrinsic\" style=\"padding-bottom:66%;\"><img loading=\"lazy\" decoding=\"async\" src=\"http:\/\/feldbahn-riedlhuette.de\/fwr\/wp-content\/uploads\/2023\/09\/DSC07048_komprimiert-1024x680.jpg\" width=\"1024\" height=\"680\" alt=\"\" data-full-image=\"http:\/\/feldbahn-riedlhuette.de\/fwr\/wp-content\/uploads\/2023\/09\/DSC07048_komprimiert.jpg\" data-light-image=\"http:\/\/feldbahn-riedlhuette.de\/fwr\/wp-content\/uploads\/2023\/09\/DSC07048_komprimiert.jpg\" data-id=\"720\" class=\"wp-image-720\" srcset=\"http:\/\/feldbahn-riedlhuette.de\/fwr\/wp-content\/uploads\/2023\/09\/DSC07048_komprimiert-1024x680.jpg 1024w, http:\/\/feldbahn-riedlhuette.de\/fwr\/wp-content\/uploads\/2023\/09\/DSC07048_komprimiert-300x199.jpg 300w, http:\/\/feldbahn-riedlhuette.de\/fwr\/wp-content\/uploads\/2023\/09\/DSC07048_komprimiert-768x510.jpg 768w, http:\/\/feldbahn-riedlhuette.de\/fwr\/wp-content\/uploads\/2023\/09\/DSC07048_komprimiert-1536x1021.jpg 1536w, http:\/\/feldbahn-riedlhuette.de\/fwr\/wp-content\/uploads\/2023\/09\/DSC07048_komprimiert.jpg 2000w\" sizes=\"auto, (max-width: 1024px) 100vw, 1024px\" \/><\/div><div class=\"kadence-blocks-gallery-item__caption\">Gut befestigt kann es auf den Weg nach Oberbayern gehen<\/div><\/div><\/a><\/figure><\/div><\/li><li class=\"kadence-blocks-gallery-item\"><div class=\"kadence-blocks-gallery-item-inner\"><figure class=\"kb-gallery-figure kb-gallery-item-has-link kadence-blocks-gallery-item-has-caption\"><a href=\"http:\/\/feldbahn-riedlhuette.de\/fwr\/wp-content\/uploads\/2023\/09\/DSC07010_komprimiert.jpg\" data-description=\"Au\u00dferdem wurde eine Sitzlore mitgenommen, um Personen transportieren zu k\u00f6nnen.\" class=\"kb-gallery-item-link\"   role=\"button\" aria-haspopup=\"dialog\"><div class=\"kb-gal-image-radius\" style=\"max-width:1024px;\"><div class=\"kb-gallery-image-contain kadence-blocks-gallery-intrinsic\" style=\"padding-bottom:66%;\"><img loading=\"lazy\" decoding=\"async\" src=\"http:\/\/feldbahn-riedlhuette.de\/fwr\/wp-content\/uploads\/2023\/09\/DSC07010_komprimiert-1024x680.jpg\" width=\"1024\" height=\"680\" alt=\"\" data-full-image=\"http:\/\/feldbahn-riedlhuette.de\/fwr\/wp-content\/uploads\/2023\/09\/DSC07010_komprimiert.jpg\" data-light-image=\"http:\/\/feldbahn-riedlhuette.de\/fwr\/wp-content\/uploads\/2023\/09\/DSC07010_komprimiert.jpg\" data-id=\"721\" class=\"wp-image-721\" srcset=\"http:\/\/feldbahn-riedlhuette.de\/fwr\/wp-content\/uploads\/2023\/09\/DSC07010_komprimiert-1024x680.jpg 1024w, http:\/\/feldbahn-riedlhuette.de\/fwr\/wp-content\/uploads\/2023\/09\/DSC07010_komprimiert-300x199.jpg 300w, http:\/\/feldbahn-riedlhuette.de\/fwr\/wp-content\/uploads\/2023\/09\/DSC07010_komprimiert-768x510.jpg 768w, http:\/\/feldbahn-riedlhuette.de\/fwr\/wp-content\/uploads\/2023\/09\/DSC07010_komprimiert-1536x1021.jpg 1536w, http:\/\/feldbahn-riedlhuette.de\/fwr\/wp-content\/uploads\/2023\/09\/DSC07010_komprimiert.jpg 2000w\" sizes=\"auto, (max-width: 1024px) 100vw, 1024px\" \/><\/div><div class=\"kadence-blocks-gallery-item__caption\">Au\u00dferdem wurde eine Sitzlore mitgenommen, um Personen transportieren zu k\u00f6nnen.<\/div><\/div><\/a><\/figure><\/div><\/li><\/ul><\/div>\n\n\n<p><\/p>\n\n\n\n<p>Nicht nur bei dieselbetriebenen Kleinfahrzeugen sind Fortschritte zu verzeichnen, sondern auch bei Elektrischen. Seit einiger Zeit sind ein paar Mitglieder mit dem Bau einer Elektro-Draisine auf der Basis eines Lorenrahmens besch\u00e4ftigt. Ein Mitglied hat den Rahmen in der eigenen Werkstatt mit dem Antrieb ausger\u00fcstet, der Bau der Sitze und \u00dcberholung des Fahrgestells erfolgen jetzt in Riedlh\u00fctte. Genauere Infos und ein Baubericht folgen in n\u00e4chster Zeit, fahrbereit ist das Gef\u00e4hrt aber bereits und das wurde ausgiebig genutzt.<\/p>\n\n\n<style>.wp-block-kadence-advancedgallery .kb-gallery-type-masonry.kb-gallery-id-702_622f92-d8{margin:-5px;}.kb-gallery-type-masonry.kb-gallery-id-702_622f92-d8 .kadence-blocks-gallery-item{padding:5px;}.kb-gallery-id-702_622f92-d8 .kadence-blocks-gallery-item .kb-gal-image-radius, .kb-gallery-id-702_622f92-d8 .kb-slide-item .kb-gal-image-radius img{border-radius:0px 0px 0px 0px;;}.kb-gallery-caption-style-bottom.kb-gallery-id-702_622f92-d8 .kadence-blocks-gallery-item .kadence-blocks-gallery-item-inner .kadence-blocks-gallery-item__caption, .kb-gallery-caption-style-bottom-hover.kb-gallery-id-702_622f92-d8 .kadence-blocks-gallery-item .kadence-blocks-gallery-item-inner .kadence-blocks-gallery-item__caption{background:linear-gradient(0deg, rgba(0, 0, 0, 0.8) 0, rgba(0, 0, 0, 0) 100%);}<\/style><div class=\"kb-gallery-wrap-id-702_622f92-d8 alignnone wp-block-kadence-advancedgallery\"><ul class=\"kb-gallery-ul kb-gallery-non-static kb-gallery-type-masonry kb-masonry-init kb-gallery-id-702_622f92-d8 kb-gallery-caption-style-bottom-hover kb-gallery-filter-none kb-gallery-magnific-init\" data-image-filter=\"none\" data-item-selector=\".kadence-blocks-gallery-item\" data-lightbox-caption=\"true\" data-columns-xxl=\"3\" data-columns-xl=\"3\" data-columns-md=\"3\" data-columns-sm=\"2\" data-columns-xs=\"1\" data-columns-ss=\"1\"><li class=\"kadence-blocks-gallery-item\"><div class=\"kadence-blocks-gallery-item-inner\"><figure class=\"kb-gallery-figure kb-gallery-item-has-link kadence-blocks-gallery-item-has-caption\"><a href=\"http:\/\/feldbahn-riedlhuette.de\/fwr\/wp-content\/uploads\/2023\/09\/DSC06923_komprimiert.jpg\" data-description=\"Vorsichtig aus dem H\u00e4nger ausladen...\" class=\"kb-gallery-item-link\"   role=\"button\" aria-haspopup=\"dialog\"><div class=\"kb-gal-image-radius\" style=\"max-width:1024px;\"><div class=\"kb-gallery-image-contain kadence-blocks-gallery-intrinsic\" style=\"padding-bottom:66%;\"><img loading=\"lazy\" decoding=\"async\" src=\"http:\/\/feldbahn-riedlhuette.de\/fwr\/wp-content\/uploads\/2023\/09\/DSC06923_komprimiert-1024x680.jpg\" width=\"1024\" height=\"680\" alt=\"\" data-full-image=\"http:\/\/feldbahn-riedlhuette.de\/fwr\/wp-content\/uploads\/2023\/09\/DSC06923_komprimiert.jpg\" data-light-image=\"http:\/\/feldbahn-riedlhuette.de\/fwr\/wp-content\/uploads\/2023\/09\/DSC06923_komprimiert.jpg\" data-id=\"722\" class=\"wp-image-722\" srcset=\"http:\/\/feldbahn-riedlhuette.de\/fwr\/wp-content\/uploads\/2023\/09\/DSC06923_komprimiert-1024x680.jpg 1024w, http:\/\/feldbahn-riedlhuette.de\/fwr\/wp-content\/uploads\/2023\/09\/DSC06923_komprimiert-300x199.jpg 300w, http:\/\/feldbahn-riedlhuette.de\/fwr\/wp-content\/uploads\/2023\/09\/DSC06923_komprimiert-768x510.jpg 768w, http:\/\/feldbahn-riedlhuette.de\/fwr\/wp-content\/uploads\/2023\/09\/DSC06923_komprimiert-1536x1021.jpg 1536w, http:\/\/feldbahn-riedlhuette.de\/fwr\/wp-content\/uploads\/2023\/09\/DSC06923_komprimiert.jpg 2000w\" sizes=\"auto, (max-width: 1024px) 100vw, 1024px\" \/><\/div><div class=\"kadence-blocks-gallery-item__caption\">Vorsichtig aus dem H\u00e4nger ausladen&#8230;<\/div><\/div><\/a><\/figure><\/div><\/li><li class=\"kadence-blocks-gallery-item\"><div class=\"kadence-blocks-gallery-item-inner\"><figure class=\"kb-gallery-figure kb-gallery-item-has-link kadence-blocks-gallery-item-has-caption\"><a href=\"http:\/\/feldbahn-riedlhuette.de\/fwr\/wp-content\/uploads\/2023\/09\/DSC06931_komprimiert.jpg\" data-description=\"...Batterien anschlie\u00dfen...\" class=\"kb-gallery-item-link\"   role=\"button\" aria-haspopup=\"dialog\"><div class=\"kb-gal-image-radius\" style=\"max-width:1024px;\"><div class=\"kb-gallery-image-contain kadence-blocks-gallery-intrinsic\" style=\"padding-bottom:66%;\"><img loading=\"lazy\" decoding=\"async\" src=\"http:\/\/feldbahn-riedlhuette.de\/fwr\/wp-content\/uploads\/2023\/09\/DSC06931_komprimiert-1024x680.jpg\" width=\"1024\" height=\"680\" alt=\"\" data-full-image=\"http:\/\/feldbahn-riedlhuette.de\/fwr\/wp-content\/uploads\/2023\/09\/DSC06931_komprimiert.jpg\" data-light-image=\"http:\/\/feldbahn-riedlhuette.de\/fwr\/wp-content\/uploads\/2023\/09\/DSC06931_komprimiert.jpg\" data-id=\"723\" class=\"wp-image-723\" srcset=\"http:\/\/feldbahn-riedlhuette.de\/fwr\/wp-content\/uploads\/2023\/09\/DSC06931_komprimiert-1024x680.jpg 1024w, http:\/\/feldbahn-riedlhuette.de\/fwr\/wp-content\/uploads\/2023\/09\/DSC06931_komprimiert-300x199.jpg 300w, http:\/\/feldbahn-riedlhuette.de\/fwr\/wp-content\/uploads\/2023\/09\/DSC06931_komprimiert-768x510.jpg 768w, http:\/\/feldbahn-riedlhuette.de\/fwr\/wp-content\/uploads\/2023\/09\/DSC06931_komprimiert-1536x1021.jpg 1536w, http:\/\/feldbahn-riedlhuette.de\/fwr\/wp-content\/uploads\/2023\/09\/DSC06931_komprimiert.jpg 2000w\" sizes=\"auto, (max-width: 1024px) 100vw, 1024px\" \/><\/div><div class=\"kadence-blocks-gallery-item__caption\">&#8230;Batterien anschlie\u00dfen&#8230;<\/div><\/div><\/a><\/figure><\/div><\/li><li class=\"kadence-blocks-gallery-item\"><div class=\"kadence-blocks-gallery-item-inner\"><figure class=\"kb-gallery-figure kb-gallery-item-has-link kadence-blocks-gallery-item-has-caption\"><a href=\"http:\/\/feldbahn-riedlhuette.de\/fwr\/wp-content\/uploads\/2023\/09\/DSC06953_komprimiert.jpg\" data-description=\"...und los gehts!\" class=\"kb-gallery-item-link\"   role=\"button\" aria-haspopup=\"dialog\"><div class=\"kb-gal-image-radius\" style=\"max-width:1024px;\"><div class=\"kb-gallery-image-contain kadence-blocks-gallery-intrinsic\" style=\"padding-bottom:66%;\"><img loading=\"lazy\" decoding=\"async\" src=\"http:\/\/feldbahn-riedlhuette.de\/fwr\/wp-content\/uploads\/2023\/09\/DSC06953_komprimiert-1024x680.jpg\" width=\"1024\" height=\"680\" alt=\"\" data-full-image=\"http:\/\/feldbahn-riedlhuette.de\/fwr\/wp-content\/uploads\/2023\/09\/DSC06953_komprimiert.jpg\" data-light-image=\"http:\/\/feldbahn-riedlhuette.de\/fwr\/wp-content\/uploads\/2023\/09\/DSC06953_komprimiert.jpg\" data-id=\"724\" class=\"wp-image-724\" srcset=\"http:\/\/feldbahn-riedlhuette.de\/fwr\/wp-content\/uploads\/2023\/09\/DSC06953_komprimiert-1024x680.jpg 1024w, http:\/\/feldbahn-riedlhuette.de\/fwr\/wp-content\/uploads\/2023\/09\/DSC06953_komprimiert-300x199.jpg 300w, http:\/\/feldbahn-riedlhuette.de\/fwr\/wp-content\/uploads\/2023\/09\/DSC06953_komprimiert-768x510.jpg 768w, http:\/\/feldbahn-riedlhuette.de\/fwr\/wp-content\/uploads\/2023\/09\/DSC06953_komprimiert-1536x1021.jpg 1536w, http:\/\/feldbahn-riedlhuette.de\/fwr\/wp-content\/uploads\/2023\/09\/DSC06953_komprimiert.jpg 2000w\" sizes=\"auto, (max-width: 1024px) 100vw, 1024px\" \/><\/div><div class=\"kadence-blocks-gallery-item__caption\">&#8230;und los gehts!<\/div><\/div><\/a><\/figure><\/div><\/li><li class=\"kadence-blocks-gallery-item\"><div class=\"kadence-blocks-gallery-item-inner\"><figure class=\"kb-gallery-figure kb-gallery-item-has-link kadence-blocks-gallery-item-has-caption\"><a href=\"http:\/\/feldbahn-riedlhuette.de\/fwr\/wp-content\/uploads\/2023\/09\/IMG_20230903_150258_komprimiert_edited.jpg\" data-description=\"Ein Spa\u00df f\u00fcr Gro\u00df und Klein\" class=\"kb-gallery-item-link\"   role=\"button\" aria-haspopup=\"dialog\"><div class=\"kb-gal-image-radius\" style=\"max-width:800px;\"><div class=\"kb-gallery-image-contain kadence-blocks-gallery-intrinsic\" style=\"padding-bottom:66%;\"><img loading=\"lazy\" decoding=\"async\" src=\"http:\/\/feldbahn-riedlhuette.de\/fwr\/wp-content\/uploads\/2023\/09\/IMG_20230903_150258_komprimiert_edited-1024x683.jpg\" width=\"800\" height=\"534\" alt=\"\" data-full-image=\"http:\/\/feldbahn-riedlhuette.de\/fwr\/wp-content\/uploads\/2023\/09\/IMG_20230903_150258_komprimiert_edited.jpg\" data-light-image=\"http:\/\/feldbahn-riedlhuette.de\/fwr\/wp-content\/uploads\/2023\/09\/IMG_20230903_150258_komprimiert_edited.jpg\" data-id=\"736\" class=\"wp-image-736\" srcset=\"http:\/\/feldbahn-riedlhuette.de\/fwr\/wp-content\/uploads\/2023\/09\/IMG_20230903_150258_komprimiert_edited-1024x683.jpg 1024w, http:\/\/feldbahn-riedlhuette.de\/fwr\/wp-content\/uploads\/2023\/09\/IMG_20230903_150258_komprimiert_edited-300x200.jpg 300w, http:\/\/feldbahn-riedlhuette.de\/fwr\/wp-content\/uploads\/2023\/09\/IMG_20230903_150258_komprimiert_edited-768x512.jpg 768w, http:\/\/feldbahn-riedlhuette.de\/fwr\/wp-content\/uploads\/2023\/09\/IMG_20230903_150258_komprimiert_edited-1536x1025.jpg 1536w, http:\/\/feldbahn-riedlhuette.de\/fwr\/wp-content\/uploads\/2023\/09\/IMG_20230903_150258_komprimiert_edited.jpg 2000w\" sizes=\"auto, (max-width: 800px) 100vw, 800px\" \/><\/div><div class=\"kadence-blocks-gallery-item__caption\">Ein Spa\u00df f\u00fcr Gro\u00df und Klein<\/div><\/div><\/a><\/figure><\/div><\/li><li class=\"kadence-blocks-gallery-item\"><div class=\"kadence-blocks-gallery-item-inner\"><figure class=\"kb-gallery-figure kb-gallery-item-has-link kadence-blocks-gallery-item-has-caption\"><a href=\"http:\/\/feldbahn-riedlhuette.de\/fwr\/wp-content\/uploads\/2023\/09\/IMG_20230902_142519_komprimiert_edited.jpg\" data-description=\"Die neuen Lager wurden abgeschliffen...\" class=\"kb-gallery-item-link\"   role=\"button\" aria-haspopup=\"dialog\"><div class=\"kb-gal-image-radius\" style=\"max-width:1024px;\"><div class=\"kb-gallery-image-contain kadence-blocks-gallery-intrinsic\" style=\"padding-bottom:66%;\"><img loading=\"lazy\" decoding=\"async\" src=\"http:\/\/feldbahn-riedlhuette.de\/fwr\/wp-content\/uploads\/2023\/09\/IMG_20230902_142519_komprimiert_edited-1024x683.jpg\" width=\"1024\" height=\"683\" alt=\"\" data-full-image=\"http:\/\/feldbahn-riedlhuette.de\/fwr\/wp-content\/uploads\/2023\/09\/IMG_20230902_142519_komprimiert_edited.jpg\" data-light-image=\"http:\/\/feldbahn-riedlhuette.de\/fwr\/wp-content\/uploads\/2023\/09\/IMG_20230902_142519_komprimiert_edited.jpg\" data-id=\"735\" class=\"wp-image-735\" srcset=\"http:\/\/feldbahn-riedlhuette.de\/fwr\/wp-content\/uploads\/2023\/09\/IMG_20230902_142519_komprimiert_edited-1024x683.jpg 1024w, http:\/\/feldbahn-riedlhuette.de\/fwr\/wp-content\/uploads\/2023\/09\/IMG_20230902_142519_komprimiert_edited-300x200.jpg 300w, http:\/\/feldbahn-riedlhuette.de\/fwr\/wp-content\/uploads\/2023\/09\/IMG_20230902_142519_komprimiert_edited-768x512.jpg 768w, http:\/\/feldbahn-riedlhuette.de\/fwr\/wp-content\/uploads\/2023\/09\/IMG_20230902_142519_komprimiert_edited.jpg 1500w\" sizes=\"auto, (max-width: 1024px) 100vw, 1024px\" \/><\/div><div class=\"kadence-blocks-gallery-item__caption\">Die neuen Lager wurden abgeschliffen&#8230;<\/div><\/div><\/a><\/figure><\/div><\/li><li class=\"kadence-blocks-gallery-item\"><div class=\"kadence-blocks-gallery-item-inner\"><figure class=\"kb-gallery-figure kb-gallery-item-has-link kadence-blocks-gallery-item-has-caption\"><a href=\"http:\/\/feldbahn-riedlhuette.de\/fwr\/wp-content\/uploads\/2023\/09\/IMG_20230903_171221_komprimiert_edited.jpg\" data-description=\"...und grundiert\" class=\"kb-gallery-item-link\"   role=\"button\" aria-haspopup=\"dialog\"><div class=\"kb-gal-image-radius\" style=\"max-width:800px;\"><div class=\"kb-gallery-image-contain kadence-blocks-gallery-intrinsic\" style=\"padding-bottom:66%;\"><img loading=\"lazy\" decoding=\"async\" src=\"http:\/\/feldbahn-riedlhuette.de\/fwr\/wp-content\/uploads\/2023\/09\/IMG_20230903_171221_komprimiert_edited-1024x683.jpg\" width=\"800\" height=\"534\" alt=\"\" data-full-image=\"http:\/\/feldbahn-riedlhuette.de\/fwr\/wp-content\/uploads\/2023\/09\/IMG_20230903_171221_komprimiert_edited.jpg\" data-light-image=\"http:\/\/feldbahn-riedlhuette.de\/fwr\/wp-content\/uploads\/2023\/09\/IMG_20230903_171221_komprimiert_edited.jpg\" data-id=\"737\" class=\"wp-image-737\" srcset=\"http:\/\/feldbahn-riedlhuette.de\/fwr\/wp-content\/uploads\/2023\/09\/IMG_20230903_171221_komprimiert_edited-1024x683.jpg 1024w, http:\/\/feldbahn-riedlhuette.de\/fwr\/wp-content\/uploads\/2023\/09\/IMG_20230903_171221_komprimiert_edited-300x200.jpg 300w, http:\/\/feldbahn-riedlhuette.de\/fwr\/wp-content\/uploads\/2023\/09\/IMG_20230903_171221_komprimiert_edited-768x512.jpg 768w, http:\/\/feldbahn-riedlhuette.de\/fwr\/wp-content\/uploads\/2023\/09\/IMG_20230903_171221_komprimiert_edited-1536x1025.jpg 1536w, http:\/\/feldbahn-riedlhuette.de\/fwr\/wp-content\/uploads\/2023\/09\/IMG_20230903_171221_komprimiert_edited.jpg 2000w\" sizes=\"auto, (max-width: 800px) 100vw, 800px\" \/><\/div><div class=\"kadence-blocks-gallery-item__caption\">&#8230;und grundiert<\/div><\/div><\/a><\/figure><\/div><\/li><\/ul><\/div>\n\n\n<p><\/p>\n\n\n\n<p>Damit ist dieses Wochenende auch wieder vorbei. Zum Abschluss noch ein paar Fotos am Rande des Geschehens&#8230; Bis zum n\u00e4chsten Mal!<\/p>\n\n\n<style>.wp-block-kadence-advancedgallery .kb-gallery-type-masonry.kb-gallery-id-702_521897-ed{margin:-5px;}.kb-gallery-type-masonry.kb-gallery-id-702_521897-ed .kadence-blocks-gallery-item{padding:5px;}.kb-gallery-id-702_521897-ed .kadence-blocks-gallery-item .kb-gal-image-radius, .kb-gallery-id-702_521897-ed .kb-slide-item .kb-gal-image-radius img{border-radius:0px 0px 0px 0px;;}.kb-gallery-caption-style-bottom.kb-gallery-id-702_521897-ed .kadence-blocks-gallery-item .kadence-blocks-gallery-item-inner .kadence-blocks-gallery-item__caption, .kb-gallery-caption-style-bottom-hover.kb-gallery-id-702_521897-ed .kadence-blocks-gallery-item .kadence-blocks-gallery-item-inner .kadence-blocks-gallery-item__caption{background:linear-gradient(0deg, rgba(0, 0, 0, 0.8) 0, rgba(0, 0, 0, 0) 100%);}<\/style><div class=\"kb-gallery-wrap-id-702_521897-ed alignnone wp-block-kadence-advancedgallery\"><ul class=\"kb-gallery-ul kb-gallery-non-static kb-gallery-type-masonry kb-masonry-init kb-gallery-id-702_521897-ed kb-gallery-caption-style-bottom-hover kb-gallery-filter-none kb-gallery-magnific-init\" data-image-filter=\"none\" data-item-selector=\".kadence-blocks-gallery-item\" data-lightbox-caption=\"true\" data-columns-xxl=\"4\" data-columns-xl=\"4\" data-columns-md=\"4\" data-columns-sm=\"3\" data-columns-xs=\"2\" data-columns-ss=\"2\"><li class=\"kadence-blocks-gallery-item\"><div class=\"kadence-blocks-gallery-item-inner\"><figure class=\"kb-gallery-figure kb-gallery-item-has-link kadence-blocks-gallery-item-has-caption\"><a href=\"http:\/\/feldbahn-riedlhuette.de\/fwr\/wp-content\/uploads\/2023\/09\/DSC06848_komprimiert.jpg\" data-description=\"Faszination Dampfmaschine\" class=\"kb-gallery-item-link\"   role=\"button\" aria-haspopup=\"dialog\"><div class=\"kb-gal-image-radius\" style=\"max-width:1024px;\"><div class=\"kb-gallery-image-contain kadence-blocks-gallery-intrinsic\" style=\"padding-bottom:66%;\"><img loading=\"lazy\" decoding=\"async\" src=\"http:\/\/feldbahn-riedlhuette.de\/fwr\/wp-content\/uploads\/2023\/09\/DSC06848_komprimiert-1024x680.jpg\" width=\"1024\" height=\"680\" alt=\"\" data-full-image=\"http:\/\/feldbahn-riedlhuette.de\/fwr\/wp-content\/uploads\/2023\/09\/DSC06848_komprimiert.jpg\" data-light-image=\"http:\/\/feldbahn-riedlhuette.de\/fwr\/wp-content\/uploads\/2023\/09\/DSC06848_komprimiert.jpg\" data-id=\"725\" class=\"wp-image-725\" srcset=\"http:\/\/feldbahn-riedlhuette.de\/fwr\/wp-content\/uploads\/2023\/09\/DSC06848_komprimiert-1024x680.jpg 1024w, http:\/\/feldbahn-riedlhuette.de\/fwr\/wp-content\/uploads\/2023\/09\/DSC06848_komprimiert-300x199.jpg 300w, http:\/\/feldbahn-riedlhuette.de\/fwr\/wp-content\/uploads\/2023\/09\/DSC06848_komprimiert-768x510.jpg 768w, http:\/\/feldbahn-riedlhuette.de\/fwr\/wp-content\/uploads\/2023\/09\/DSC06848_komprimiert-1536x1021.jpg 1536w, http:\/\/feldbahn-riedlhuette.de\/fwr\/wp-content\/uploads\/2023\/09\/DSC06848_komprimiert.jpg 2000w\" sizes=\"auto, (max-width: 1024px) 100vw, 1024px\" \/><\/div><div class=\"kadence-blocks-gallery-item__caption\">Faszination Dampfmaschine<\/div><\/div><\/a><\/figure><\/div><\/li><li class=\"kadence-blocks-gallery-item\"><div class=\"kadence-blocks-gallery-item-inner\"><figure class=\"kb-gallery-figure kb-gallery-item-has-link kadence-blocks-gallery-item-has-caption\"><a href=\"http:\/\/feldbahn-riedlhuette.de\/fwr\/wp-content\/uploads\/2023\/09\/DSC06913_komprimiert.jpg\" data-description=\"Klein gegen Gro\u00df\" class=\"kb-gallery-item-link\"   role=\"button\" aria-haspopup=\"dialog\"><div class=\"kb-gal-image-radius\" style=\"max-width:1024px;\"><div class=\"kb-gallery-image-contain kadence-blocks-gallery-intrinsic\" style=\"padding-bottom:66%;\"><img loading=\"lazy\" decoding=\"async\" src=\"http:\/\/feldbahn-riedlhuette.de\/fwr\/wp-content\/uploads\/2023\/09\/DSC06913_komprimiert-1024x680.jpg\" width=\"1024\" height=\"680\" alt=\"\" data-full-image=\"http:\/\/feldbahn-riedlhuette.de\/fwr\/wp-content\/uploads\/2023\/09\/DSC06913_komprimiert.jpg\" data-light-image=\"http:\/\/feldbahn-riedlhuette.de\/fwr\/wp-content\/uploads\/2023\/09\/DSC06913_komprimiert.jpg\" data-id=\"726\" class=\"wp-image-726\" srcset=\"http:\/\/feldbahn-riedlhuette.de\/fwr\/wp-content\/uploads\/2023\/09\/DSC06913_komprimiert-1024x680.jpg 1024w, http:\/\/feldbahn-riedlhuette.de\/fwr\/wp-content\/uploads\/2023\/09\/DSC06913_komprimiert-300x199.jpg 300w, http:\/\/feldbahn-riedlhuette.de\/fwr\/wp-content\/uploads\/2023\/09\/DSC06913_komprimiert-768x510.jpg 768w, http:\/\/feldbahn-riedlhuette.de\/fwr\/wp-content\/uploads\/2023\/09\/DSC06913_komprimiert-1536x1021.jpg 1536w, http:\/\/feldbahn-riedlhuette.de\/fwr\/wp-content\/uploads\/2023\/09\/DSC06913_komprimiert.jpg 2000w\" sizes=\"auto, (max-width: 1024px) 100vw, 1024px\" \/><\/div><div class=\"kadence-blocks-gallery-item__caption\">Klein gegen Gro\u00df<\/div><\/div><\/a><\/figure><\/div><\/li><li class=\"kadence-blocks-gallery-item\"><div class=\"kadence-blocks-gallery-item-inner\"><figure class=\"kb-gallery-figure kb-gallery-item-has-link kadence-blocks-gallery-item-has-caption\"><a href=\"http:\/\/feldbahn-riedlhuette.de\/fwr\/wp-content\/uploads\/2023\/09\/haenger-verladung_edited.jpg\" data-description=\"Der H\u00e4nger wurde verkauft und kreativ verladen\" class=\"kb-gallery-item-link\"   role=\"button\" aria-haspopup=\"dialog\"><div class=\"kb-gal-image-radius\" style=\"max-width:1024px;\"><div class=\"kb-gallery-image-contain kadence-blocks-gallery-intrinsic\" style=\"padding-bottom:66%;\"><img loading=\"lazy\" decoding=\"async\" src=\"http:\/\/feldbahn-riedlhuette.de\/fwr\/wp-content\/uploads\/2023\/09\/haenger-verladung_edited.jpg\" width=\"1024\" height=\"683\" alt=\"\" data-full-image=\"http:\/\/feldbahn-riedlhuette.de\/fwr\/wp-content\/uploads\/2023\/09\/haenger-verladung_edited.jpg\" data-light-image=\"http:\/\/feldbahn-riedlhuette.de\/fwr\/wp-content\/uploads\/2023\/09\/haenger-verladung_edited.jpg\" data-id=\"771\" class=\"wp-image-771\" srcset=\"http:\/\/feldbahn-riedlhuette.de\/fwr\/wp-content\/uploads\/2023\/09\/haenger-verladung_edited.jpg 1024w, http:\/\/feldbahn-riedlhuette.de\/fwr\/wp-content\/uploads\/2023\/09\/haenger-verladung_edited-300x200.jpg 300w, http:\/\/feldbahn-riedlhuette.de\/fwr\/wp-content\/uploads\/2023\/09\/haenger-verladung_edited-768x512.jpg 768w\" sizes=\"auto, (max-width: 1024px) 100vw, 1024px\" \/><\/div><div class=\"kadence-blocks-gallery-item__caption\">Der H\u00e4nger wurde verkauft und kreativ verladen<\/div><\/div><\/a><\/figure><\/div><\/li><li class=\"kadence-blocks-gallery-item\"><div class=\"kadence-blocks-gallery-item-inner\"><figure class=\"kb-gallery-figure kb-gallery-item-has-link kadence-blocks-gallery-item-has-caption\"><a href=\"http:\/\/feldbahn-riedlhuette.de\/fwr\/wp-content\/uploads\/2023\/09\/DSC07009_komprimiert_edit.jpg\" data-description=\"Bereit f\u00fcr den Abtransport\" class=\"kb-gallery-item-link\"   role=\"button\" aria-haspopup=\"dialog\"><div class=\"kb-gal-image-radius\" style=\"max-width:1024px;\"><div class=\"kb-gallery-image-contain kadence-blocks-gallery-intrinsic\" style=\"padding-bottom:66%;\"><img loading=\"lazy\" decoding=\"async\" src=\"http:\/\/feldbahn-riedlhuette.de\/fwr\/wp-content\/uploads\/2023\/09\/DSC07009_komprimiert_edit-1024x680.jpg\" width=\"1024\" height=\"680\" alt=\"\" data-full-image=\"http:\/\/feldbahn-riedlhuette.de\/fwr\/wp-content\/uploads\/2023\/09\/DSC07009_komprimiert_edit.jpg\" data-light-image=\"http:\/\/feldbahn-riedlhuette.de\/fwr\/wp-content\/uploads\/2023\/09\/DSC07009_komprimiert_edit.jpg\" data-id=\"739\" class=\"wp-image-739\" srcset=\"http:\/\/feldbahn-riedlhuette.de\/fwr\/wp-content\/uploads\/2023\/09\/DSC07009_komprimiert_edit-1024x680.jpg 1024w, http:\/\/feldbahn-riedlhuette.de\/fwr\/wp-content\/uploads\/2023\/09\/DSC07009_komprimiert_edit-300x199.jpg 300w, http:\/\/feldbahn-riedlhuette.de\/fwr\/wp-content\/uploads\/2023\/09\/DSC07009_komprimiert_edit-768x510.jpg 768w, http:\/\/feldbahn-riedlhuette.de\/fwr\/wp-content\/uploads\/2023\/09\/DSC07009_komprimiert_edit-1536x1021.jpg 1536w, http:\/\/feldbahn-riedlhuette.de\/fwr\/wp-content\/uploads\/2023\/09\/DSC07009_komprimiert_edit.jpg 2000w\" sizes=\"auto, (max-width: 1024px) 100vw, 1024px\" \/><\/div><div class=\"kadence-blocks-gallery-item__caption\">Bereit f\u00fcr den Abtransport<\/div><\/div><\/a><\/figure><\/div><\/li><\/ul><\/div>","protected":false},"excerpt":{"rendered":"<p>Zum vorletzten Mal waren die Tore unseres Lokschuppens an diesem Wochenende ge\u00f6ffnet, bevor es in die Winterpause geht. <\/p>\n","protected":false},"author":1,"featured_media":730,"comment_status":"open","ping_status":"open","sticky":false,"template":"","format":"standard","meta":{"cybocfi_hide_featured_image":"","footnotes":""},"categories":[6,4],"tags":[],"class_list":["post-702","post","type-post","status-publish","format-standard","has-post-thumbnail","hentry","category-6","category-tage-der-offenen-tuer"],"_links":{"self":[{"href":"http:\/\/feldbahn-riedlhuette.de\/fwr\/wp-json\/wp\/v2\/posts\/702","targetHints":{"allow":["GET"]}}],"collection":[{"href":"http:\/\/feldbahn-riedlhuette.de\/fwr\/wp-json\/wp\/v2\/posts"}],"about":[{"href":"http:\/\/feldbahn-riedlhuette.de\/fwr\/wp-json\/wp\/v2\/types\/post"}],"author":[{"embeddable":true,"href":"http:\/\/feldbahn-riedlhuette.de\/fwr\/wp-json\/wp\/v2\/users\/1"}],"replies":[{"embeddable":true,"href":"http:\/\/feldbahn-riedlhuette.de\/fwr\/wp-json\/wp\/v2\/comments?post=702"}],"version-history":[{"count":9,"href":"http:\/\/feldbahn-riedlhuette.de\/fwr\/wp-json\/wp\/v2\/posts\/702\/revisions"}],"predecessor-version":[{"id":772,"href":"http:\/\/feldbahn-riedlhuette.de\/fwr\/wp-json\/wp\/v2\/posts\/702\/revisions\/772"}],"wp:featuredmedia":[{"embeddable":true,"href":"http:\/\/feldbahn-riedlhuette.de\/fwr\/wp-json\/wp\/v2\/media\/730"}],"wp:attachment":[{"href":"http:\/\/feldbahn-riedlhuette.de\/fwr\/wp-json\/wp\/v2\/media?parent=702"}],"wp:term":[{"taxonomy":"category","embeddable":true,"href":"http:\/\/feldbahn-riedlhuette.de\/fwr\/wp-json\/wp\/v2\/categories?post=702"},{"taxonomy":"post_tag","embeddable":true,"href":"http:\/\/feldbahn-riedlhuette.de\/fwr\/wp-json\/wp\/v2\/tags?post=702"}],"curies":[{"name":"wp","href":"https:\/\/api.w.org\/{rel}","templated":true}]}}