{"id":914,"date":"2023-10-25T11:19:09","date_gmt":"2023-10-25T09:19:09","guid":{"rendered":"http:\/\/feldbahn-riedlhuette.de\/fwr\/?p=914"},"modified":"2023-10-25T13:46:46","modified_gmt":"2023-10-25T11:46:46","slug":"herbsttreffen-des-vdmt-fachausschuss-feld-und-parkbahnen-in-riedlhuette-2","status":"publish","type":"post","link":"http:\/\/feldbahn-riedlhuette.de\/fwr\/2023\/10\/25\/herbsttreffen-des-vdmt-fachausschuss-feld-und-parkbahnen-in-riedlhuette-2\/","title":{"rendered":"Herbsttreffen des VDMT Fachausschuss Feld- und Parkbahnen in Riedlh\u00fctte"},"content":{"rendered":"\n<p>Am 21. und 22. Oktober 2023 fand das diesj\u00e4hrige Herbsttreffen des VDMT FA Feld- und Parkbahnen in Riedlh\u00fctte statt.<\/p>\n\n\n\n<p>Die Besprechung des VDMT Fachausschuss Feld- und Parkbahnen fand am Samstag im G\u00e4stehaus am Goldberg in Riedlh\u00fctte statt. Anwesend waren Vertreter des <a href=\"https:\/\/feldbahnmuseum-herrenleite.de\/\">Feldbahnmuseums Herrenleite<\/a>, <a href=\"https:\/\/www.feldbahn-ffm.de\/\">Frankfurter Feldbahnmuseums<\/a>, der <a href=\"https:\/\/www.parkeisenbahn.de\/startseite.html\">Berliner Parkeisenbahn<\/a> und des <a href=\"https:\/\/www.gillbachbahn.de\/wordpress\/\">Feldbahnmuseum Oekoven<\/a>. Am Sonntag drehten wir nach einem original bayrischen Wei\u00dfwurstfr\u00fchst\u00fcck schlie\u00dflich einige Runden auf unserer Strecke.<\/p>\n\n\n<style>.wp-block-kadence-advancedgallery .kb-gallery-type-grid.kb-gallery-id-914_f8e6b6-d1{margin:-5px;}.kb-gallery-type-grid.kb-gallery-id-914_f8e6b6-d1 .kadence-blocks-gallery-item{padding:5px;}.kb-gallery-id-914_f8e6b6-d1 .kadence-blocks-gallery-item .kb-gal-image-radius, .kb-gallery-id-914_f8e6b6-d1 .kb-slide-item .kb-gal-image-radius img{border-radius:0px 0px 0px 0px;;}.kb-gallery-caption-style-bottom.kb-gallery-id-914_f8e6b6-d1 .kadence-blocks-gallery-item .kadence-blocks-gallery-item-inner .kadence-blocks-gallery-item__caption, .kb-gallery-caption-style-bottom-hover.kb-gallery-id-914_f8e6b6-d1 .kadence-blocks-gallery-item .kadence-blocks-gallery-item-inner .kadence-blocks-gallery-item__caption{background:linear-gradient(0deg, rgba(0, 0, 0, 0.8) 0, rgba(0, 0, 0, 0) 100%);}<\/style><div class=\"kb-gallery-wrap-id-914_f8e6b6-d1 alignnone wp-block-kadence-advancedgallery\"><ul class=\"kb-gallery-ul kb-gallery-non-static kb-gallery-type-grid kb-gallery-id-914_f8e6b6-d1 kb-gallery-caption-style-bottom-hover kb-gallery-filter-none kb-gallery-magnific-init\" data-image-filter=\"none\" data-item-selector=\".kadence-blocks-gallery-item\" data-lightbox-caption=\"true\" data-columns-xxl=\"3\" data-columns-xl=\"3\" data-columns-md=\"3\" data-columns-sm=\"2\" data-columns-xs=\"1\" data-columns-ss=\"1\"><li class=\"kadence-blocks-gallery-item\"><div class=\"kadence-blocks-gallery-item-inner\"><figure class=\"kb-gallery-figure kb-gallery-item-has-link kadence-blocks-gallery-item-has-caption\"><a href=\"http:\/\/feldbahn-riedlhuette.de\/fwr\/wp-content\/uploads\/2023\/10\/IMG_4591-scaled.jpg\" data-description=\"Die Versammlung fand im G\u00e4stehaus am Goldberg statt (Foto von Siegfried Otto)\" class=\"kb-gallery-item-link\"   role=\"button\" aria-haspopup=\"dialog\"><div class=\"kb-gal-image-radius\"><div class=\"kb-gallery-image-contain kadence-blocks-gallery-intrinsic kb-gallery-image-ratio-land32 kb-has-image-ratio-land32\" ><img loading=\"lazy\" decoding=\"async\" src=\"http:\/\/feldbahn-riedlhuette.de\/fwr\/wp-content\/uploads\/2023\/10\/IMG_4591-1024x768.jpg\" width=\"800\" height=\"600\" alt=\"\" data-full-image=\"http:\/\/feldbahn-riedlhuette.de\/fwr\/wp-content\/uploads\/2023\/10\/IMG_4591-scaled.jpg\" data-light-image=\"http:\/\/feldbahn-riedlhuette.de\/fwr\/wp-content\/uploads\/2023\/10\/IMG_4591-scaled.jpg\" data-id=\"932\" class=\"wp-image-932\" srcset=\"http:\/\/feldbahn-riedlhuette.de\/fwr\/wp-content\/uploads\/2023\/10\/IMG_4591-1024x768.jpg 1024w, http:\/\/feldbahn-riedlhuette.de\/fwr\/wp-content\/uploads\/2023\/10\/IMG_4591-300x225.jpg 300w, http:\/\/feldbahn-riedlhuette.de\/fwr\/wp-content\/uploads\/2023\/10\/IMG_4591-768x576.jpg 768w, http:\/\/feldbahn-riedlhuette.de\/fwr\/wp-content\/uploads\/2023\/10\/IMG_4591-1536x1152.jpg 1536w, http:\/\/feldbahn-riedlhuette.de\/fwr\/wp-content\/uploads\/2023\/10\/IMG_4591-2048x1536.jpg 2048w\" sizes=\"auto, (max-width: 800px) 100vw, 800px\" \/><\/div><div class=\"kadence-blocks-gallery-item__caption\">Die Versammlung fand im G\u00e4stehaus am Goldberg statt (Foto von Siegfried Otto)<\/div><\/div><\/a><\/figure><\/div><\/li><li class=\"kadence-blocks-gallery-item\"><div class=\"kadence-blocks-gallery-item-inner\"><figure class=\"kb-gallery-figure kb-gallery-item-has-link kadence-blocks-gallery-item-has-caption\"><a href=\"http:\/\/feldbahn-riedlhuette.de\/fwr\/wp-content\/uploads\/2023\/10\/WhatsApp-Bild-2023-10-22-um-16.31.51_d7493d30.jpg\" data-description=\"Bei der Tagung am Samstag wurde u. A. ein Schienenabstandskontrollger\u00e4t vorgestellt\" class=\"kb-gallery-item-link\"   role=\"button\" aria-haspopup=\"dialog\"><div class=\"kb-gal-image-radius\"><div class=\"kb-gallery-image-contain kadence-blocks-gallery-intrinsic kb-gallery-image-ratio-land32 kb-has-image-ratio-land32\" ><img loading=\"lazy\" decoding=\"async\" src=\"http:\/\/feldbahn-riedlhuette.de\/fwr\/wp-content\/uploads\/2023\/10\/WhatsApp-Bild-2023-10-22-um-16.31.51_d7493d30-768x1024.jpg\" width=\"768\" height=\"1024\" alt=\"\" data-full-image=\"http:\/\/feldbahn-riedlhuette.de\/fwr\/wp-content\/uploads\/2023\/10\/WhatsApp-Bild-2023-10-22-um-16.31.51_d7493d30.jpg\" data-light-image=\"http:\/\/feldbahn-riedlhuette.de\/fwr\/wp-content\/uploads\/2023\/10\/WhatsApp-Bild-2023-10-22-um-16.31.51_d7493d30.jpg\" data-id=\"918\" class=\"wp-image-918\" srcset=\"http:\/\/feldbahn-riedlhuette.de\/fwr\/wp-content\/uploads\/2023\/10\/WhatsApp-Bild-2023-10-22-um-16.31.51_d7493d30-768x1023.jpg 768w, http:\/\/feldbahn-riedlhuette.de\/fwr\/wp-content\/uploads\/2023\/10\/WhatsApp-Bild-2023-10-22-um-16.31.51_d7493d30-225x300.jpg 225w, http:\/\/feldbahn-riedlhuette.de\/fwr\/wp-content\/uploads\/2023\/10\/WhatsApp-Bild-2023-10-22-um-16.31.51_d7493d30-1153x1536.jpg 1153w, http:\/\/feldbahn-riedlhuette.de\/fwr\/wp-content\/uploads\/2023\/10\/WhatsApp-Bild-2023-10-22-um-16.31.51_d7493d30.jpg 1200w\" sizes=\"auto, (max-width: 768px) 100vw, 768px\" \/><\/div><div class=\"kadence-blocks-gallery-item__caption\">Bei der Tagung am Samstag wurde u. A. ein Schienenabstandskontrollger\u00e4t vorgestellt<\/div><\/div><\/a><\/figure><\/div><\/li><li class=\"kadence-blocks-gallery-item\"><div class=\"kadence-blocks-gallery-item-inner\"><figure class=\"kb-gallery-figure kb-gallery-item-has-link kadence-blocks-gallery-item-has-caption\"><a href=\"http:\/\/feldbahn-riedlhuette.de\/fwr\/wp-content\/uploads\/2023\/10\/WhatsApp-Bild-2023-10-25-um-10.54_edited.jpg\" data-description=\"Die G\u00e4ste freuen sich schon auf die Wei\u00dfw\u00fcrste\" class=\"kb-gallery-item-link\"   role=\"button\" aria-haspopup=\"dialog\"><div class=\"kb-gal-image-radius\"><div class=\"kb-gallery-image-contain kadence-blocks-gallery-intrinsic kb-gallery-image-ratio-land32 kb-has-image-ratio-land32\" ><img loading=\"lazy\" decoding=\"async\" src=\"http:\/\/feldbahn-riedlhuette.de\/fwr\/wp-content\/uploads\/2023\/10\/WhatsApp-Bild-2023-10-25-um-10.54_edited-1024x684.jpg\" width=\"1024\" height=\"684\" alt=\"\" data-full-image=\"http:\/\/feldbahn-riedlhuette.de\/fwr\/wp-content\/uploads\/2023\/10\/WhatsApp-Bild-2023-10-25-um-10.54_edited.jpg\" data-light-image=\"http:\/\/feldbahn-riedlhuette.de\/fwr\/wp-content\/uploads\/2023\/10\/WhatsApp-Bild-2023-10-25-um-10.54_edited.jpg\" data-id=\"917\" class=\"wp-image-917\" srcset=\"http:\/\/feldbahn-riedlhuette.de\/fwr\/wp-content\/uploads\/2023\/10\/WhatsApp-Bild-2023-10-25-um-10.54_edited-1024x684.jpg 1024w, http:\/\/feldbahn-riedlhuette.de\/fwr\/wp-content\/uploads\/2023\/10\/WhatsApp-Bild-2023-10-25-um-10.54_edited-300x200.jpg 300w, http:\/\/feldbahn-riedlhuette.de\/fwr\/wp-content\/uploads\/2023\/10\/WhatsApp-Bild-2023-10-25-um-10.54_edited-768x513.jpg 768w, http:\/\/feldbahn-riedlhuette.de\/fwr\/wp-content\/uploads\/2023\/10\/WhatsApp-Bild-2023-10-25-um-10.54_edited-1536x1025.jpg 1536w, http:\/\/feldbahn-riedlhuette.de\/fwr\/wp-content\/uploads\/2023\/10\/WhatsApp-Bild-2023-10-25-um-10.54_edited.jpg 1925w\" sizes=\"auto, (max-width: 1024px) 100vw, 1024px\" \/><\/div><div class=\"kadence-blocks-gallery-item__caption\">Die G\u00e4ste freuen sich schon auf die Wei\u00dfw\u00fcrste<\/div><\/div><\/a><\/figure><\/div><\/li><li class=\"kadence-blocks-gallery-item\"><div class=\"kadence-blocks-gallery-item-inner\"><figure class=\"kb-gallery-figure kb-gallery-item-has-link kadence-blocks-gallery-item-has-caption\"><a href=\"http:\/\/feldbahn-riedlhuette.de\/fwr\/wp-content\/uploads\/2023\/10\/DSC08101_komprimiert.jpg\" data-description=\"Dieses Mal kam wieder die ZL114 zum Einsatz\" class=\"kb-gallery-item-link\"   role=\"button\" aria-haspopup=\"dialog\"><div class=\"kb-gal-image-radius\"><div class=\"kb-gallery-image-contain kadence-blocks-gallery-intrinsic kb-gallery-image-ratio-land32 kb-has-image-ratio-land32\" ><img loading=\"lazy\" decoding=\"async\" src=\"http:\/\/feldbahn-riedlhuette.de\/fwr\/wp-content\/uploads\/2023\/10\/DSC08101_komprimiert-1024x680.jpg\" width=\"1024\" height=\"680\" alt=\"\" data-full-image=\"http:\/\/feldbahn-riedlhuette.de\/fwr\/wp-content\/uploads\/2023\/10\/DSC08101_komprimiert.jpg\" data-light-image=\"http:\/\/feldbahn-riedlhuette.de\/fwr\/wp-content\/uploads\/2023\/10\/DSC08101_komprimiert.jpg\" data-id=\"919\" class=\"wp-image-919\" srcset=\"http:\/\/feldbahn-riedlhuette.de\/fwr\/wp-content\/uploads\/2023\/10\/DSC08101_komprimiert-1024x680.jpg 1024w, http:\/\/feldbahn-riedlhuette.de\/fwr\/wp-content\/uploads\/2023\/10\/DSC08101_komprimiert-300x199.jpg 300w, http:\/\/feldbahn-riedlhuette.de\/fwr\/wp-content\/uploads\/2023\/10\/DSC08101_komprimiert-768x510.jpg 768w, http:\/\/feldbahn-riedlhuette.de\/fwr\/wp-content\/uploads\/2023\/10\/DSC08101_komprimiert-1536x1021.jpg 1536w, http:\/\/feldbahn-riedlhuette.de\/fwr\/wp-content\/uploads\/2023\/10\/DSC08101_komprimiert.jpg 2000w\" sizes=\"auto, (max-width: 1024px) 100vw, 1024px\" \/><\/div><div class=\"kadence-blocks-gallery-item__caption\">Dieses Mal kam wieder die ZL114 zum Einsatz<\/div><\/div><\/a><\/figure><\/div><\/li><li class=\"kadence-blocks-gallery-item\"><div class=\"kadence-blocks-gallery-item-inner\"><figure class=\"kb-gallery-figure kb-gallery-item-has-link kadence-blocks-gallery-item-has-caption\"><a href=\"http:\/\/feldbahn-riedlhuette.de\/fwr\/wp-content\/uploads\/2023\/10\/DSC08112_komprimiert.jpg\" class=\"kb-gallery-item-link\"   role=\"button\" aria-haspopup=\"dialog\"><div class=\"kb-gal-image-radius\"><div class=\"kb-gallery-image-contain kadence-blocks-gallery-intrinsic kb-gallery-image-ratio-land32 kb-has-image-ratio-land32\" ><img loading=\"lazy\" decoding=\"async\" src=\"http:\/\/feldbahn-riedlhuette.de\/fwr\/wp-content\/uploads\/2023\/10\/DSC08112_komprimiert-1024x680.jpg\" width=\"1024\" height=\"680\" alt=\"\" data-full-image=\"http:\/\/feldbahn-riedlhuette.de\/fwr\/wp-content\/uploads\/2023\/10\/DSC08112_komprimiert.jpg\" data-light-image=\"http:\/\/feldbahn-riedlhuette.de\/fwr\/wp-content\/uploads\/2023\/10\/DSC08112_komprimiert.jpg\" data-id=\"926\" class=\"wp-image-926\" srcset=\"http:\/\/feldbahn-riedlhuette.de\/fwr\/wp-content\/uploads\/2023\/10\/DSC08112_komprimiert-1024x680.jpg 1024w, http:\/\/feldbahn-riedlhuette.de\/fwr\/wp-content\/uploads\/2023\/10\/DSC08112_komprimiert-300x199.jpg 300w, http:\/\/feldbahn-riedlhuette.de\/fwr\/wp-content\/uploads\/2023\/10\/DSC08112_komprimiert-768x510.jpg 768w, http:\/\/feldbahn-riedlhuette.de\/fwr\/wp-content\/uploads\/2023\/10\/DSC08112_komprimiert-1536x1021.jpg 1536w, http:\/\/feldbahn-riedlhuette.de\/fwr\/wp-content\/uploads\/2023\/10\/DSC08112_komprimiert.jpg 2000w\" sizes=\"auto, (max-width: 1024px) 100vw, 1024px\" \/><\/div><\/div><\/a><\/figure><\/div><\/li><li class=\"kadence-blocks-gallery-item\"><div class=\"kadence-blocks-gallery-item-inner\"><figure class=\"kb-gallery-figure kb-gallery-item-has-link kadence-blocks-gallery-item-has-caption\"><a href=\"http:\/\/feldbahn-riedlhuette.de\/fwr\/wp-content\/uploads\/2023\/10\/DSC08107_komprimiert.jpg\" data-description=\"Gro\u00dfes Interesse an Fotos der Lok beim Umsetzen\" class=\"kb-gallery-item-link\"   role=\"button\" aria-haspopup=\"dialog\"><div class=\"kb-gal-image-radius\"><div class=\"kb-gallery-image-contain kadence-blocks-gallery-intrinsic kb-gallery-image-ratio-land32 kb-has-image-ratio-land32\" ><img loading=\"lazy\" decoding=\"async\" src=\"http:\/\/feldbahn-riedlhuette.de\/fwr\/wp-content\/uploads\/2023\/10\/DSC08107_komprimiert-1024x680.jpg\" width=\"1024\" height=\"680\" alt=\"\" data-full-image=\"http:\/\/feldbahn-riedlhuette.de\/fwr\/wp-content\/uploads\/2023\/10\/DSC08107_komprimiert.jpg\" data-light-image=\"http:\/\/feldbahn-riedlhuette.de\/fwr\/wp-content\/uploads\/2023\/10\/DSC08107_komprimiert.jpg\" data-id=\"921\" class=\"wp-image-921\" srcset=\"http:\/\/feldbahn-riedlhuette.de\/fwr\/wp-content\/uploads\/2023\/10\/DSC08107_komprimiert-1024x680.jpg 1024w, http:\/\/feldbahn-riedlhuette.de\/fwr\/wp-content\/uploads\/2023\/10\/DSC08107_komprimiert-300x199.jpg 300w, http:\/\/feldbahn-riedlhuette.de\/fwr\/wp-content\/uploads\/2023\/10\/DSC08107_komprimiert-768x510.jpg 768w, http:\/\/feldbahn-riedlhuette.de\/fwr\/wp-content\/uploads\/2023\/10\/DSC08107_komprimiert-1536x1021.jpg 1536w, http:\/\/feldbahn-riedlhuette.de\/fwr\/wp-content\/uploads\/2023\/10\/DSC08107_komprimiert.jpg 2000w\" sizes=\"auto, (max-width: 1024px) 100vw, 1024px\" \/><\/div><div class=\"kadence-blocks-gallery-item__caption\">Gro\u00dfes Interesse an Fotos der Lok beim Umsetzen<\/div><\/div><\/a><\/figure><\/div><\/li><li class=\"kadence-blocks-gallery-item\"><div class=\"kadence-blocks-gallery-item-inner\"><figure class=\"kb-gallery-figure kb-gallery-item-has-link kadence-blocks-gallery-item-has-caption\"><a href=\"http:\/\/feldbahn-riedlhuette.de\/fwr\/wp-content\/uploads\/2023\/10\/DSC08111_komprimiert.jpg\" class=\"kb-gallery-item-link\"   role=\"button\" aria-haspopup=\"dialog\"><div class=\"kb-gal-image-radius\"><div class=\"kb-gallery-image-contain kadence-blocks-gallery-intrinsic kb-gallery-image-ratio-land32 kb-has-image-ratio-land32\" ><img loading=\"lazy\" decoding=\"async\" src=\"http:\/\/feldbahn-riedlhuette.de\/fwr\/wp-content\/uploads\/2023\/10\/DSC08111_komprimiert-1024x680.jpg\" width=\"1024\" height=\"680\" alt=\"\" data-full-image=\"http:\/\/feldbahn-riedlhuette.de\/fwr\/wp-content\/uploads\/2023\/10\/DSC08111_komprimiert.jpg\" data-light-image=\"http:\/\/feldbahn-riedlhuette.de\/fwr\/wp-content\/uploads\/2023\/10\/DSC08111_komprimiert.jpg\" data-id=\"922\" class=\"wp-image-922\" srcset=\"http:\/\/feldbahn-riedlhuette.de\/fwr\/wp-content\/uploads\/2023\/10\/DSC08111_komprimiert-1024x680.jpg 1024w, http:\/\/feldbahn-riedlhuette.de\/fwr\/wp-content\/uploads\/2023\/10\/DSC08111_komprimiert-300x199.jpg 300w, http:\/\/feldbahn-riedlhuette.de\/fwr\/wp-content\/uploads\/2023\/10\/DSC08111_komprimiert-768x510.jpg 768w, http:\/\/feldbahn-riedlhuette.de\/fwr\/wp-content\/uploads\/2023\/10\/DSC08111_komprimiert-1536x1021.jpg 1536w, http:\/\/feldbahn-riedlhuette.de\/fwr\/wp-content\/uploads\/2023\/10\/DSC08111_komprimiert.jpg 2000w\" sizes=\"auto, (max-width: 1024px) 100vw, 1024px\" \/><\/div><\/div><\/a><\/figure><\/div><\/li><li class=\"kadence-blocks-gallery-item\"><div class=\"kadence-blocks-gallery-item-inner\"><figure class=\"kb-gallery-figure kb-gallery-item-has-link kadence-blocks-gallery-item-has-caption\"><a href=\"http:\/\/feldbahn-riedlhuette.de\/fwr\/wp-content\/uploads\/2023\/10\/DSC08117_komprimiert.jpg\" data-description=\"Fachsimpeln nach der Fahrt\" class=\"kb-gallery-item-link\"   role=\"button\" aria-haspopup=\"dialog\"><div class=\"kb-gal-image-radius\"><div class=\"kb-gallery-image-contain kadence-blocks-gallery-intrinsic kb-gallery-image-ratio-land32 kb-has-image-ratio-land32\" ><img loading=\"lazy\" decoding=\"async\" src=\"http:\/\/feldbahn-riedlhuette.de\/fwr\/wp-content\/uploads\/2023\/10\/DSC08117_komprimiert-1024x680.jpg\" width=\"1024\" height=\"680\" alt=\"\" data-full-image=\"http:\/\/feldbahn-riedlhuette.de\/fwr\/wp-content\/uploads\/2023\/10\/DSC08117_komprimiert.jpg\" data-light-image=\"http:\/\/feldbahn-riedlhuette.de\/fwr\/wp-content\/uploads\/2023\/10\/DSC08117_komprimiert.jpg\" data-id=\"923\" class=\"wp-image-923\" srcset=\"http:\/\/feldbahn-riedlhuette.de\/fwr\/wp-content\/uploads\/2023\/10\/DSC08117_komprimiert-1024x680.jpg 1024w, http:\/\/feldbahn-riedlhuette.de\/fwr\/wp-content\/uploads\/2023\/10\/DSC08117_komprimiert-300x199.jpg 300w, http:\/\/feldbahn-riedlhuette.de\/fwr\/wp-content\/uploads\/2023\/10\/DSC08117_komprimiert-768x510.jpg 768w, http:\/\/feldbahn-riedlhuette.de\/fwr\/wp-content\/uploads\/2023\/10\/DSC08117_komprimiert-1536x1021.jpg 1536w, http:\/\/feldbahn-riedlhuette.de\/fwr\/wp-content\/uploads\/2023\/10\/DSC08117_komprimiert.jpg 2000w\" sizes=\"auto, (max-width: 1024px) 100vw, 1024px\" \/><\/div><div class=\"kadence-blocks-gallery-item__caption\">Fachsimpeln nach der Fahrt<\/div><\/div><\/a><\/figure><\/div><\/li><li class=\"kadence-blocks-gallery-item\"><div class=\"kadence-blocks-gallery-item-inner\"><figure class=\"kb-gallery-figure kb-gallery-item-has-link kadence-blocks-gallery-item-has-caption\"><a href=\"http:\/\/feldbahn-riedlhuette.de\/fwr\/wp-content\/uploads\/2023\/10\/DSC08136_komprimiert.jpg\" data-description=\"Anschlie\u00dfend wurde noch die Sitzlore, die in Ainring und Rechtenstein zu Gast war, abgeladen\" class=\"kb-gallery-item-link\"   role=\"button\" aria-haspopup=\"dialog\"><div class=\"kb-gal-image-radius\"><div class=\"kb-gallery-image-contain kadence-blocks-gallery-intrinsic kb-gallery-image-ratio-land32 kb-has-image-ratio-land32\" ><img loading=\"lazy\" decoding=\"async\" src=\"http:\/\/feldbahn-riedlhuette.de\/fwr\/wp-content\/uploads\/2023\/10\/DSC08136_komprimiert-1024x680.jpg\" width=\"1024\" height=\"680\" alt=\"\" data-full-image=\"http:\/\/feldbahn-riedlhuette.de\/fwr\/wp-content\/uploads\/2023\/10\/DSC08136_komprimiert.jpg\" data-light-image=\"http:\/\/feldbahn-riedlhuette.de\/fwr\/wp-content\/uploads\/2023\/10\/DSC08136_komprimiert.jpg\" data-id=\"924\" class=\"wp-image-924\" srcset=\"http:\/\/feldbahn-riedlhuette.de\/fwr\/wp-content\/uploads\/2023\/10\/DSC08136_komprimiert-1024x680.jpg 1024w, http:\/\/feldbahn-riedlhuette.de\/fwr\/wp-content\/uploads\/2023\/10\/DSC08136_komprimiert-300x199.jpg 300w, http:\/\/feldbahn-riedlhuette.de\/fwr\/wp-content\/uploads\/2023\/10\/DSC08136_komprimiert-768x510.jpg 768w, http:\/\/feldbahn-riedlhuette.de\/fwr\/wp-content\/uploads\/2023\/10\/DSC08136_komprimiert-1536x1021.jpg 1536w, http:\/\/feldbahn-riedlhuette.de\/fwr\/wp-content\/uploads\/2023\/10\/DSC08136_komprimiert.jpg 2000w\" sizes=\"auto, (max-width: 1024px) 100vw, 1024px\" \/><\/div><div class=\"kadence-blocks-gallery-item__caption\">Anschlie\u00dfend wurde noch die Sitzlore, die in Ainring und Rechtenstein zu Gast war, abgeladen<\/div><\/div><\/a><\/figure><\/div><\/li><\/ul><\/div>","protected":false},"excerpt":{"rendered":"<p>Am 21. und 22. Oktober 2023 fand das diesj\u00e4hrige Herbsttreffen des VDMT FA Feld- und Parkbahnen in Riedlh\u00fctte statt.<\/p>\n","protected":false},"author":1,"featured_media":922,"comment_status":"open","ping_status":"open","sticky":false,"template":"","format":"standard","meta":{"cybocfi_hide_featured_image":"","footnotes":""},"categories":[6,1],"tags":[],"class_list":["post-914","post","type-post","status-publish","format-standard","has-post-thumbnail","hentry","category-6","category-allgemein"],"_links":{"self":[{"href":"http:\/\/feldbahn-riedlhuette.de\/fwr\/wp-json\/wp\/v2\/posts\/914","targetHints":{"allow":["GET"]}}],"collection":[{"href":"http:\/\/feldbahn-riedlhuette.de\/fwr\/wp-json\/wp\/v2\/posts"}],"about":[{"href":"http:\/\/feldbahn-riedlhuette.de\/fwr\/wp-json\/wp\/v2\/types\/post"}],"author":[{"embeddable":true,"href":"http:\/\/feldbahn-riedlhuette.de\/fwr\/wp-json\/wp\/v2\/users\/1"}],"replies":[{"embeddable":true,"href":"http:\/\/feldbahn-riedlhuette.de\/fwr\/wp-json\/wp\/v2\/comments?post=914"}],"version-history":[{"count":6,"href":"http:\/\/feldbahn-riedlhuette.de\/fwr\/wp-json\/wp\/v2\/posts\/914\/revisions"}],"predecessor-version":[{"id":933,"href":"http:\/\/feldbahn-riedlhuette.de\/fwr\/wp-json\/wp\/v2\/posts\/914\/revisions\/933"}],"wp:featuredmedia":[{"embeddable":true,"href":"http:\/\/feldbahn-riedlhuette.de\/fwr\/wp-json\/wp\/v2\/media\/922"}],"wp:attachment":[{"href":"http:\/\/feldbahn-riedlhuette.de\/fwr\/wp-json\/wp\/v2\/media?parent=914"}],"wp:term":[{"taxonomy":"category","embeddable":true,"href":"http:\/\/feldbahn-riedlhuette.de\/fwr\/wp-json\/wp\/v2\/categories?post=914"},{"taxonomy":"post_tag","embeddable":true,"href":"http:\/\/feldbahn-riedlhuette.de\/fwr\/wp-json\/wp\/v2\/tags?post=914"}],"curies":[{"name":"wp","href":"https:\/\/api.w.org\/{rel}","templated":true}]}}